{"id":6310,"date":"2020-07-05T20:49:50","date_gmt":"2020-07-05T20:49:50","guid":{"rendered":"http:\/\/dig-stuttgart.de\/info\/?p=6310"},"modified":"2020-06-28T01:25:04","modified_gmt":"2020-06-28T01:25:04","slug":"rencontre-onda-avignon","status":"publish","type":"post","link":"https:\/\/dig-stuttgart.de\/info\/2020\/07\/05\/rencontre-onda-avignon\/","title":{"rendered":"Rencontre Onda Avignon"},"content":{"rendered":"<p>Atoll, la quarantaine adolescente et cynique, bourr\u00e9e de junk food, de films pornos, dinconsistance et de col\u00e8re sourde, de jeux pu\u00e9rils et d\u00e9go\u00efsme, va voir son monde boulevers\u00e9 par Y\u00e9l\u00e9na, sa s\u0153ur, qui se met \u00e0 lentra\u00eener dans un grand jeu de piste o\u00f9 lintrigue semble consister \u00e0 d\u00e9terrer les secrets de famillePi\u00e8ce de th\u00e9\u00e2tre baroque aussi crue que lyrique o\u00f9 les souvenirs prennent forme de fant\u00f4mes, o\u00f9 les mensonges sont des pansements \u00e0 la honte, et o\u00f9 les anti-h\u00e9ros, monstrueux et tragiques, nagent dans leur destin mal foutu, Scel\u016ds, \u00e9crite par Solenn Denis est la quatri\u00e8me cr\u00e9ation du Collectif Denisyak. Elle verra le jour d\u00e9but 2019 au Th\u00e9\u00e2tre National de Bordeaux-Aquitaine. Lefficacit\u00e9 de lOnda se fonde sur sa capacit\u00e9 de rep\u00e9rage du travail des \u00e9quipes artistiques et sur sa connaissance des lieux de diffusion. En 2018, l\u00e9quipe de lOnda est all\u00e9e dans 166 villes de 12 pays et a vu 1896 repr\u00e9sentations de 1371 spectacles. A la pause d\u00e9jeuner, le directeur dun lieu alpague Christophe Susset : Il va falloir que tu maides parce que je viens de perdre 114 000 euros de subventions. Les conseillers de lOnda redistribuent 70 de leur budget sous forme, notamment, de garanties financi\u00e8res. Une aide pr\u00e9cieuse pour programmer un spectacle qui risque d\u00eatre d\u00e9ficitaire. Festival Via, Le Man\u00e8ge Maubeuge-Mons. 11-12 mars Cette rencontre sadresse aux directions et responsables de programmation. Sur invitation. Le 29 octobre 2007 au festival CIRCA \u00e0 Auch Quelle place pour quel cirque dans les programmations pluridisciplinaires Intervenants : Philippe Le Gal, directeur du Carr\u00e9 Magique \u00e0 Lannion, Pascal Paris, directeur de lAthanor Sc\u00e8ne nationale dAlbi, J\u00e9r\u00f4me Lecardeur, directeur de la Sc\u00e8ne nationale de Dieppe. <img decoding=\"async\" src=\"http:\/\/catalogue.drouot.com\/images\/perso\/full\/ACTUALITE\/62\/61271.jpg\" alt=\"rencontre onda avignon\" align=\"right\"> Concr\u00e8tement, comment la.a-e se charge-t-il du rep\u00e9rage des artistes en exil et de leur insertion dans le milieu professionnel? 4 membres du SYNAVI Bertrand Krill, Dominique Vissousaine, Violaine Fenestre, Muriel Guyon, Pascale Henrot : D\u00e8s septembre 2015 en effet, quand on a commenc\u00e9 \u00e0 beaucoup entendre parler de larriv\u00e9e de r\u00e9fugi\u00e9s en France, nous avons pens\u00e9 que lOnda devait venir en aide aux artistes. Que cela sinscrivait dans nos missions dexpertise, de conseil, de mise en r\u00e9seau et de soutien financier pour la diffusion sur le territoire national de cr\u00e9ations contemporaines. Tout comme lorganisation dateliers artistiques pour les mineurs isol\u00e9s \u00e9trangers, que nous organisons avec la Timmy, la Team Mineurs du Collectif Parisien de Soutien aux Exil\u00e9-e-s, et Clowns sans Fronti\u00e8res.  \u00c0 l\u00e2ge de douze ans, dans un coll\u00e8ge religieux, en Savoie, javais re\u00e7u le prix de r\u00e9citation, et je devais publiquement dire la Ch\u00e8vre de M. Seguin. Je lai d\u00e9clam\u00e9e, avec une ferveur toute tragique, sur le podium de la salle des f\u00eates et le rideau rouge tout poussi\u00e9reux mest tomb\u00e9 dessus, d\u00e9clenchant lhilarit\u00e9 g\u00e9n\u00e9rale. Cela constitue une sc\u00e8ne primitive qui a fond\u00e9 mon amour du th\u00e9\u00e2tre. Aujourdhui encore, lapparition des acteurs sur le plateau me d\u00e9clenche une pouss\u00e9e dadr\u00e9naline : jai peur pour eux. Iframe srchttps:www.journal-laterrasse.frembed-article?pagesoutenir-les-artistes-en-exil frameborder0 width100 height200px scrollingnoiframe Pour attirer les programmateurs \u00e9trangers, CerclesFictions, la nouvelle production de Jo\u00ebl Pommerat, star internationale, sert dapp\u00e2t. Et \u00e7a marche. Des professionnels venus des Etats-Unis, du Br\u00e9sil, dItalie, de Hongrie ou de Singapour sont l\u00e0 et en profitent pour d\u00e9couvrir les spectacles dune nouvelle g\u00e9n\u00e9ration de metteurs en sc\u00e8ne : le duo Antoine Defoort et Halory Goerger, Xavier Kim, Philippe M\u00e9nard, Mathieu Bauer, David Bobee..  Rencontre en Avignon 14 Juillet 2012 Rencontre en Avignon 14 Juillet 2012 Manipulant des marionnettes sur table dans une apparente simplicit\u00e9 de moyens, Andy Gaukel, en collaboration avec Myriame Larose, \u00e9voluent dans un silence oppressant pour \u00e9voquer lhistoire de lune des seules personnalit\u00e9s fran\u00e7aises \u00e0 avoir t\u00e9moign\u00e9 \u00e0 visage d\u00e9couvert de sa d\u00e9portation pour homosexualit\u00e9. Ils \u00e9voquent lineffable, les atrocit\u00e9s, le silence \u00e9crasant mais aussi linstinct de survie et lextraordinaire r\u00e9silience dun homme. Je suis fier davoir ouvert le Festival \u00e0 une nouvelle g\u00e9n\u00e9ration de metteurs en sc\u00e8ne ou de chor\u00e9graphes comme Daniel Mesguich, Georges Lavaudant, JeanPierre Vincent, JeanClaude Gallotta qui ont marqu\u00e9 le renouveau artistique des ann\u00e9es 1980. Heureux davoir v\u00e9cu la grande aventure du cycle Shakespeare avec Ariane Mnouchkine et le Th\u00e9\u00e2tre du Soleil. Heureux davoir internationalis\u00e9 la programmation. Heureux du compagnonnage avec Pina Bausch, avec qui la communication \u00e9tait \u00e0 la fois difficile et intense : elle parlait peu, mais nous pouvions rester c\u00f4te \u00e0 c\u00f4te jusqu\u00e0 4 heures du matin Tout passait par le geste et le regard. Fier aussi, en 1984, davoir pu pr\u00e9senter une exposition con\u00e7ue par Louis Bec, aussi originale que le Vivant et lArtificiel qui ouvrait dautres horizons en tissant des liens avec le milieu intellectuel, les arts plastiques, les sciences, etc, voie interdisciplinaire qui sest r\u00e9v\u00e9l\u00e9e f\u00e9conde depuis. Une journ\u00e9e de r\u00e9flexion, de d\u00e9bats, de pr\u00e9sentations de projets autour de l\u00e9mergence contemporaine. Pascale Henrot, directrice Bernard Borghino, secr\u00e9taire g\u00e9n\u00e9ral  Assembl\u00e9e G\u00e9n\u00e9rale du 4 juin 2020 Point sur la situation op\u00e9rationnelle \u00e0 fin mai <img decoding=\"async\" src=\"http:\/\/www.krogguideen.ga\/40783-product_large\/la-mini-d-de-dior-19-mm.jpg\" alt=\"rencontre onda avignon\" align=\"left\"> \u03c4\u03bf\u03b9 \u03bc\u03bf\u03b9 \u03c0\u03b1\u03bb\u03c4\u03bf 2015 \u039f \u0394\u03ae\u03bc\u03bf\u03c2 \u03a4\u03c1\u03b9\u03ba\u03ba\u03b1\u03af\u03c9\u03bd \u03c0\u03c1\u03bf\u03c7\u03c9\u03c1\u03ac \u03c3\u03c4\u03b7\u03bd \u03b1\u03bd\u03b1\u03bc\u03cc\u03c1\u03c6\u03c9\u03c3\u03b7 \u03c4\u03bf\u03c5 \u03ba\u03ad\u03bd\u03c4\u03c1\u03bf\u03c5 \u03c4\u03b7\u03c2 \u03c0\u03cc\u03bb\u03b7\u03c2. \u0391\u03bd\u03ac\u03c0\u03bb\u03b1\u03c3\u03b7 \u03c4\u03b7\u03c2 \u03a0\u03bb\u03b1\u03c4\u03b5\u03af\u03b1\u03c2 \u0397\u03c1\u03ce\u03c9\u03bd \u03a0\u03bf\u03bb\u03c5\u03c4\u03b5\u03c7\u03bd\u03b5\u03af\u03bf\u03c5 \u03ba\u03b1\u03b9 \u03c4\u03b7\u03c2 \u03a0\u03bb\u03b1\u03c4\u03b5\u03af\u03b1\u03c2 \u0395\u03b8\u03bd\u03b9\u03ba\u03ae\u03c2 \u0391\u03bd\u03c4\u03af\u03c3\u03c4\u03b1\u03c3\u03b7\u03c2 LOnda. Le titre dun po\u00e8me marin? Le nom dun club de water-polo italien? Dune cr\u00e8me amincissante? Pas du tout. Cr\u00e9\u00e9 en 1975 par le minist\u00e8re de la Culture pour anticiper la d\u00e9centralisation, lOffice national de diffusion artistique Onda, donc permet aux spectacles fran\u00e7ais et \u00e9trangers de tourner sur lensemble du territoire. Ce travail se double dune expertise pr\u00e9cieuse pour des programmateurs qui nont ni le temps ni les moyens de se d\u00e9placer. Nous sommes cr\u00e9dibles parce que nous ne sommes pas des technocrates, explique Fabien Jannelle, directeur de lOnda. Nous venons du terrain et nous y retournons pour la plupart. A lheure o\u00f9 le milieu culturel se plaint du manque dargent, parfois du manque de reconnaissance, surtout de la difficult\u00e9 \u00e0 sadapter aux \u00e9volutions du secteur, qui joue de plus en plus les nouvelles formes et la transdisciplinarit\u00e9, lOnda tient lieu de centre n\u00e9vralgique. LOnda pr\u00e9sentera ses actions et projets aux directrices et directeurs de lieux de production et diffusion partenaires de lOnda. <img decoding=\"async\" src=\"http:\/\/cdn2_3.reseaudesvilles.fr\/cities\/65\/images\/l0rdztubsh43wc.png\" alt=\"rencontre onda avignon\" align=\"center\"> Cest ma revanche sur la Ch\u00e8vre de M. Seguin! Je ne vais pas commencer maintenant une carri\u00e8re dinterpr\u00e8te, on sen doute. Mais pour mes 70 ans, je voulais passer de lautre c\u00f4t\u00e9 et conna\u00eetre cette \u00e9motion-l\u00e0. Calendrier des rencontres. Calendrier. Rida Internationale Avignon. Rencontre des partenaires de lOnda Rencontre des partenaires de lOnda Bobigny. Le r\u00e9seau anim\u00e9 par lOnda sarticule autour de plusieurs formes de rencontres, \u00e0 destination des programmatrices et programmateurs et des artistes travaillant. La dynamique du r\u00e9seau anim\u00e9 par lOnda repose sur lengagement \u00e0 mieux faire conna\u00eetre la cr\u00e9ation contemporaine, \u00e0 accompagner la mise en relation des artistes et des lieux de diffusion. LODIA Normandie est subventionn\u00e9 par la, le minist\u00e8re de la Culture et de la communication, La fiche dinformation synthe\u0301tique et le budget pre\u0301visionnel de lop\u00e9ration ci-joints, d\u00fbment renseign\u00e9s.<\/p>\n","protected":false},"excerpt":{"rendered":"<p>rencontre onda avignon<\/p>\n","protected":false},"author":1,"featured_media":0,"comment_status":"closed","ping_status":"closed","sticky":false,"template":"","format":"standard","meta":{"footnotes":""},"categories":[1],"tags":[],"_links":{"self":[{"href":"https:\/\/dig-stuttgart.de\/info\/wp-json\/wp\/v2\/posts\/6310"}],"collection":[{"href":"https:\/\/dig-stuttgart.de\/info\/wp-json\/wp\/v2\/posts"}],"about":[{"href":"https:\/\/dig-stuttgart.de\/info\/wp-json\/wp\/v2\/types\/post"}],"author":[{"embeddable":true,"href":"https:\/\/dig-stuttgart.de\/info\/wp-json\/wp\/v2\/users\/1"}],"replies":[{"embeddable":true,"href":"https:\/\/dig-stuttgart.de\/info\/wp-json\/wp\/v2\/comments?post=6310"}],"version-history":[{"count":1,"href":"https:\/\/dig-stuttgart.de\/info\/wp-json\/wp\/v2\/posts\/6310\/revisions"}],"predecessor-version":[{"id":6311,"href":"https:\/\/dig-stuttgart.de\/info\/wp-json\/wp\/v2\/posts\/6310\/revisions\/6311"}],"wp:attachment":[{"href":"https:\/\/dig-stuttgart.de\/info\/wp-json\/wp\/v2\/media?parent=6310"}],"wp:term":[{"taxonomy":"category","embeddable":true,"href":"https:\/\/dig-stuttgart.de\/info\/wp-json\/wp\/v2\/categories?post=6310"},{"taxonomy":"post_tag","embeddable":true,"href":"https:\/\/dig-stuttgart.de\/info\/wp-json\/wp\/v2\/tags?post=6310"}],"curies":[{"name":"wp","href":"https:\/\/api.w.org\/{rel}","templated":true}]}}