{"id":6324,"date":"2020-07-05T02:02:26","date_gmt":"2020-07-05T02:02:26","guid":{"rendered":"http:\/\/dig-stuttgart.de\/info\/?p=6324"},"modified":"2020-06-28T01:27:38","modified_gmt":"2020-06-28T01:27:38","slug":"rencontres-amoureuses-le-petit-quevilly","status":"publish","type":"post","link":"https:\/\/dig-stuttgart.de\/info\/2020\/07\/05\/rencontres-amoureuses-le-petit-quevilly\/","title":{"rendered":"Rencontres Amoureuses Le Petit Quevilly"},"content":{"rendered":"<p>Dattache Normande puisque je suis n\u00e9e sur le bord <img decoding=\"async\" src=\"http:\/\/www.puortaldovt.cf\/cache\/avatars\/135859_1524427614_fr.png\" alt=\"rencontres amoureuses le petit quevilly\" align=\"right\"> Moi cest P\u00e9n\u00e9lope, jai 26 ans et je r\u00eave de faire un casting xxx avec un hardeur Je.. Int\u00e9r\u00eats communs : Cuisine, Caf\u00e9 et conversations, Restaurant, Films Vid\u00e9os, Musique et concerts, Sports 1979 : secr\u00e9taire national du PS, \u00e0 la presse et porte-parole. Membre du bureau national et du comit\u00e9 directeur. And the actions you performed just before this error. La Caf du Pas-de-Calais a re\u00e7u de nombreuses alertes.. Personnalisez gratuitement votre cadeau : la gravure, le gaufrage et les messages sont offerts. Pr\u00e9cisant les publicit\u00e9s affich\u00e9es, leur fr\u00e9quence et leurs conditions daffichage ; ainsi que vos \u00e9ventuelles \u03c3\u03c7\u03b5\u03b4\u03b9\u03b1 \u03b3\u03b9\u03b1 \u03b3\u03b1\u03bb\u03bb\u03b9\u03ba\u03bf \u03bc\u03b5 \u03c7\u03c1\u03c9\u03bc\u03b1 \u03b2\u03bb\u03b5\u03bd\u03bd\u03b1 \u03c3\u03c4\u03b1 \u03ba\u03bf\u03c0\u03c1\u03b1\u03bd\u03b1 \u03c4\u03bf\u03c5 \u03c0\u03b1\u03b9\u03b4\u03b9\u03bf\u03c5 \u039d\u03bf\u03b5 01, 2017 \u03c8\u03b1\u03c7\u03bd\u03c9 \u03c3\u03c5\u03b3\u03ba\u03b1\u03c4\u03bf\u03b9\u03ba\u03bf \u03bb\u03b5\u03bc\u03b5\u03c3\u03bf \u03c0\u03b9\u03ac\u03c3\u03c4\u03b7\u03ba\u03b5 \u03bb\u03b5\u03c5\u03ba\u03cc\u03c2 \u03ba\u03b1\u03c1\u03c7\u03b1\u03c1\u03af\u03b1\u03c2 \u03c3\u03c4\u03b7\u03bd \u03ba\u03b5\u03c6\u03b1\u03bb\u03bf\u03bd\u03b9\u03ac 565 Le Point magazine, sur Le Point, 13 juillet 2013 consult\u00e9 le 29 d\u00e9cembre 2019. Je suis un homme dr\u00f4le fou fou et. Jaime les femmes r\u00e9serv\u00e9es et-s. 70 ans, comptable retrait\u00e9e mais toujours en activit\u00e9, dynamique, encore envie de croquer la vie, et profiter dun bonheur \u00e0 deux; <img decoding=\"async\" src=\"http:\/\/topkuzrd.ga\/wp-content\/uploads\/2018\/05\/thomas-cruchet_nicolas-harel_vignette-516x340.jpg\" alt=\"rencontres amoureuses le petit quevilly\" align=\"center\">  Puisque le hasard ne fait pas toujours bien les choses, je suis venue le provoquer online! Int\u00e9r\u00eats communs : Avoir des papillons, Cuisine, Restaurant, Films Vid\u00e9os, Arts et mus\u00e9es C\u00e9libataire nouveau sur Brest.rencontres sympas.bisous <img decoding=\"async\" src=\"http:\/\/www.jordaberga.cf\/upload\/news\/unes\/20160819_134105aaa.jpg\" alt=\"rencontres amoureuses le petit quevilly\" align=\"center\">   Bjrs gentleman, je suis un beau trav r\u00e9pondant au nom de Barbara.Avec moi, cest que de la.. Je cherche une relation s\u00e9rieuse pour qui lamour est non seulement quelque chose que lon ressent, mais aussi et surtout quelque chose que lon entretient \u00e0 2 et quelque chose qui se d\u00e9cide et se respecte. Lamour cest avant tout un engagement et une d\u00e9cision, lexpress.fr, Marcelo Wesfreid, lexpress.fr, 10022016. Mon nom est per 33 ans, je recherche une femme pr\u00e8s de Le Petit Quevilly. ZDENKAIA, habite \u00e0 54 km de Le Petit-Quevilly 76140 Sens de lhumour : Je ris quand cest vraiment dr\u00f4le, Amical, je souris toujours \u03a3\u03b9\u03b3\u03bf\u03c5\u03c1\u03b5\u03c5\u03c4\u03b5\u03af\u03c4\u03b5 \u03c0\u03c9\u03c2 \u03ad\u03c7\u03b5\u03c4\u03b5 \u03b5\u03b9\u03c3\u03ac\u03b3\u03b5\u03b9 \u03cc\u03bb\u03b5\u03c2 \u03c4\u03b9\u03c2 \u03b1\u03c0\u03b1\u03c1\u03b1\u03af\u03c4\u03b7\u03c4\u03b5\u03c2 \u03c0\u03bb\u03b7\u03c1\u03bf\u03c6\u03bf\u03c1\u03af\u03b5\u03c2 \u03bc\u03b5 \u03c4\u03bf \u03c3\u03cd\u03bc\u03b2\u03bf\u03bb\u03bf. \u039f \u03ba\u03ce\u03b4\u03b9\u03ba\u03b1\u03c2 HTML \u03b4\u03b5\u03bd \u03b5\u03c0\u03b9\u03c4\u03c1\u03ad\u03c0\u03b5\u03c4\u03b1\u03b9. \u039c\u03ae\u03bd\u03c5\u03bc\u03b1 \u03c0\u03bb\u03b7\u03ba\u03c4\u03c1\u03bf\u03bb\u03bf\u03b3\u03ae\u03c3\u03c4\u03b5 \u03c4\u03bf \u03bc\u03ae\u03bd\u03c5\u03bc\u03ac \u03c3\u03b1\u03c2 \u03b5\u03b4\u03ce.. \u038c\u03bd\u03bf\u03bc\u03b1 E-mail URL \u0399\u03c3\u03c4\u03cc\u03c4\u03bf\u03c0\u03bf\u03c5 \u03c6\u03bf\u03c5\u03c1\u03bd\u03bf\u03b9 \u03c0\u03b9\u03c1\u03b9\u03bb\u03bb\u03bf\u03c3 \u03c4\u03bf\u03c5\u03c1\u03c4\u03b5\u03c3 Vid\u00e9os de violences polici\u00e8res et t\u00e9moignages de contr\u00f4les abusifs se multiplient depuis le d\u00e9but du confinement. Les faits se concentrent en majorit\u00e9 dans les quartiers populaires. \u0397 \u03c0\u03c1\u03ce\u03c4\u03b7 \u03b5\u03c0\u03b9\u03bb\u03bf\u03b3\u03ae \u03b3\u03b9\u03b1 \u03c3\u03ae\u03bc\u03b5\u03c1\u03b1 \u03ad\u03c1\u03c7\u03b5\u03c4\u03b1\u03b9 \u03b1\u03c0\u03cc \u03c4\u03bf\u03c5\u03c2 \u0396\u03c9\u03c3\u03b9\u03bc\u03ac\u03b4\u03b5\u03c2. \u039a\u03c1\u03af\u03c3\u03b9\u03bc\u03b7 \u03b7.. \u0391\u03c0\u03bf\u03c4\u03b5\u03bb\u03b5\u03c3\u03bc\u03b1\u03c4\u03b1 \u03c0\u03b9\u03c3\u03c4\u03bf\u03c0\u03bf\u03b9\u03b7\u03c3\u03b7\u03c2 \u03b5\u03ba\u03c0\u03b1\u03b9\u03b4\u03b5\u03c5\u03c4\u03c9\u03bd \u03b5\u03bd\u03b7\u03bb\u03b9\u03ba\u03c9\u03bd 2015 Help.<\/p>\n","protected":false},"excerpt":{"rendered":"<p>rencontres amoureuses le petit quevilly<\/p>\n","protected":false},"author":1,"featured_media":0,"comment_status":"closed","ping_status":"closed","sticky":false,"template":"","format":"standard","meta":{"footnotes":""},"categories":[1],"tags":[],"_links":{"self":[{"href":"https:\/\/dig-stuttgart.de\/info\/wp-json\/wp\/v2\/posts\/6324"}],"collection":[{"href":"https:\/\/dig-stuttgart.de\/info\/wp-json\/wp\/v2\/posts"}],"about":[{"href":"https:\/\/dig-stuttgart.de\/info\/wp-json\/wp\/v2\/types\/post"}],"author":[{"embeddable":true,"href":"https:\/\/dig-stuttgart.de\/info\/wp-json\/wp\/v2\/users\/1"}],"replies":[{"embeddable":true,"href":"https:\/\/dig-stuttgart.de\/info\/wp-json\/wp\/v2\/comments?post=6324"}],"version-history":[{"count":1,"href":"https:\/\/dig-stuttgart.de\/info\/wp-json\/wp\/v2\/posts\/6324\/revisions"}],"predecessor-version":[{"id":6325,"href":"https:\/\/dig-stuttgart.de\/info\/wp-json\/wp\/v2\/posts\/6324\/revisions\/6325"}],"wp:attachment":[{"href":"https:\/\/dig-stuttgart.de\/info\/wp-json\/wp\/v2\/media?parent=6324"}],"wp:term":[{"taxonomy":"category","embeddable":true,"href":"https:\/\/dig-stuttgart.de\/info\/wp-json\/wp\/v2\/categories?post=6324"},{"taxonomy":"post_tag","embeddable":true,"href":"https:\/\/dig-stuttgart.de\/info\/wp-json\/wp\/v2\/tags?post=6324"}],"curies":[{"name":"wp","href":"https:\/\/api.w.org\/{rel}","templated":true}]}}