{"id":6336,"date":"2020-07-05T14:28:08","date_gmt":"2020-07-05T14:28:08","guid":{"rendered":"http:\/\/dig-stuttgart.de\/info\/?p=6336"},"modified":"2020-06-28T01:33:14","modified_gmt":"2020-06-28T01:33:14","slug":"rencontre-motard-13","status":"publish","type":"post","link":"https:\/\/dig-stuttgart.de\/info\/2020\/07\/05\/rencontre-motard-13\/","title":{"rendered":"Rencontre Motard 13"},"content":{"rendered":"<p> Chaque Vendredi soir nous organisons nos rassemblements du vendredi soir pour bien commencer son week-end. Apparemment, ce type dam\u00e9nagement bande cyclable et non piste nest pas si dangereux quon le croit puisquil est possible de s\u00e9journer impun\u00e9ment pendant 45 minutes sur le trait de peinture qui les d\u00e9limite? Pour la Normandie : mise \u00e0 jour : septembre 2014 : lantenne Normandie nest plus active, mais vous pouvez vous adressez \u00e0 lantenne de Paris-Ile de France  Bonjour je suis \u00e9quip\u00e9e mais pas de permis recherche pour simplement faire des ballades en moto merci Bonjour je mappelle albran jaimerais faire de nouvelles connaissances Wheels and waves : le rendez-vous des motards! 12 au 16 juin 2019 Paysbasque.net <img decoding=\"async\" src=\"http:\/\/i87.servimg.com\/u\/f87\/13\/37\/87\/76\/ace-ca11.jpg\" alt=\"rencontre motard 13\" align=\"left\"> Les balades rassemblements Sujets Messages Derniers Messages <img decoding=\"async\" src=\"http:\/\/clicenfance.com\/img\/02e3bfe8dad97bd1f86fc7b2108805fc.jpg\" alt=\"rencontre motard 13\" align=\"left\"> Dautres articles sont disponibles en cliquant sur les onglets chiffr\u00e9s. Telles que propos\u00e9es dans Informations compl\u00e9mentaires ou en cliquant sur le lien suivant: <img decoding=\"async\" src=\"http:\/\/www.mahshables.cf\/modele-photo-57921-2-zoom.jpg\" alt=\"rencontre motard 13\" align=\"center\"> Une forte volont\u00e9 politique avec un affichage d\u00e8s maintenant comme quoi lutilisation de scooters thermiques sera tax\u00e9e dici X ann\u00e9es semble faisable. Pour plus dinfo, contacter : info.casim78gmail.com ; info.casim77gmail.com exposition des v\u00e9hicules, a partir de 10h00 dans la zone artisanale, restauration sur place toutes la journ\u00e9e.  2526 Avril 20e Bourse Motos Autos RMCE Morvillars 90 Rassemblement moto 2020 Bretagne Samedi 25 avril 2020 \u00e0 Grasse Thorenc ou Audibergue D\u00e9partement OK Rechercher un \u00e9v\u00e8nement par date cat\u00e9gorie type r\u00e9gion d\u00e9partement plusieurs combinaisons possibles.<\/p>\n","protected":false},"excerpt":{"rendered":"<p>rencontre motard 13<\/p>\n","protected":false},"author":1,"featured_media":0,"comment_status":"closed","ping_status":"closed","sticky":false,"template":"","format":"standard","meta":{"footnotes":""},"categories":[1],"tags":[],"_links":{"self":[{"href":"https:\/\/dig-stuttgart.de\/info\/wp-json\/wp\/v2\/posts\/6336"}],"collection":[{"href":"https:\/\/dig-stuttgart.de\/info\/wp-json\/wp\/v2\/posts"}],"about":[{"href":"https:\/\/dig-stuttgart.de\/info\/wp-json\/wp\/v2\/types\/post"}],"author":[{"embeddable":true,"href":"https:\/\/dig-stuttgart.de\/info\/wp-json\/wp\/v2\/users\/1"}],"replies":[{"embeddable":true,"href":"https:\/\/dig-stuttgart.de\/info\/wp-json\/wp\/v2\/comments?post=6336"}],"version-history":[{"count":1,"href":"https:\/\/dig-stuttgart.de\/info\/wp-json\/wp\/v2\/posts\/6336\/revisions"}],"predecessor-version":[{"id":6337,"href":"https:\/\/dig-stuttgart.de\/info\/wp-json\/wp\/v2\/posts\/6336\/revisions\/6337"}],"wp:attachment":[{"href":"https:\/\/dig-stuttgart.de\/info\/wp-json\/wp\/v2\/media?parent=6336"}],"wp:term":[{"taxonomy":"category","embeddable":true,"href":"https:\/\/dig-stuttgart.de\/info\/wp-json\/wp\/v2\/categories?post=6336"},{"taxonomy":"post_tag","embeddable":true,"href":"https:\/\/dig-stuttgart.de\/info\/wp-json\/wp\/v2\/tags?post=6336"}],"curies":[{"name":"wp","href":"https:\/\/api.w.org\/{rel}","templated":true}]}}