{"id":6352,"date":"2020-07-05T13:15:26","date_gmt":"2020-07-05T13:15:26","guid":{"rendered":"http:\/\/dig-stuttgart.de\/info\/?p=6352"},"modified":"2020-06-28T01:42:51","modified_gmt":"2020-06-28T01:42:51","slug":"poeme-de-la-rencontre","status":"publish","type":"post","link":"https:\/\/dig-stuttgart.de\/info\/2020\/07\/05\/poeme-de-la-rencontre\/","title":{"rendered":"Poeme De La Rencontre"},"content":{"rendered":"<p>La vie est un po\u00e8me devait \u00eatre publi\u00e9 au d\u00e9part par une autre maison d\u00e9dition. Dailleurs, certains po\u00e8mes ont \u00e9t\u00e9 \u00e9crits pour compl\u00e9ter des textes d\u00e9j\u00e0 existants. Cependant, et malheureusement, cette maison d\u00e9dition a d\u00fb fermer ses portes. Je dis Merci et aussi bonne chance, en passant, aux membres qui la composaient, \u00e0 toute l\u00e9quipe et aux auteurs. La vie, la guerre nous ont s\u00e9par\u00e9s longtemps mais gr\u00e2ce \u00e0 linternet jai pu la retrouver ainsi que son fr\u00e8re G\u00e9rard d\u00e9c\u00e9d\u00e9 aussi il y a 2 ans. Quel bel hommage \u00e0 Idir d\u00e9c\u00e9d\u00e9 samedi. Cest pour ces moments dexception que jaime la radio, jai pleur\u00e9. Ces vers sont m\u00eame certainement ce que je ne peux tavouer A cette occasion, une \u00e9mission radio a \u00e9t\u00e9 r\u00e9alis\u00e9e par les \u00e9l\u00e8ves de six classes, en direct, sur les ondes de STUDIO ZEF. Plus de deux heures de direct! DECOUVRIR LA FACTORIE MAISON DE POESIE DE NORMANDIE Petits po\u00e8mes des \u00e9l\u00e8ves du coll\u00e8ge Jules Ferry de Montlu\u00e7on \u00e0 loccasion des rencontres avec Marie Huot.   Pour \u00eatre inform\u00e9 des derniers articles, inscrivez vous : Cet avis est lopinion subjective dun membre de TripAdvisor et non de TripAdvisor LLC. Je viens dune famille tr\u00e8s catholique et jai fait toutes mes \u00e9tudes dans des \u00e9coles catholiques. Les derniers quinze ans jai pris plus de distance de cette religion&#8230; Jai des difficult\u00e9s \u00e0 croire des choses quon mimpose. <img decoding=\"async\" src=\"http:\/\/philippe-parrot-auteur.com\/files\/2017\/08\/290-rencontre-du-troiseme-type.jpg\" alt=\"poeme de la rencontre\" align=\"center\"> Voyages, Photographie, Mus\u00e9es-Expositions, Lecture, Jardinage, Informatique, D\u00e9coration, Cuisine, Bricolage  Bien sur! Tu nas pas atteint cette position le Paradis sauf avec Mon pardon.. E-mail obligatoire adresse strictement confidentielle Tous les \u00e9v\u00e9nements propos\u00e9s par lOCCE du Cher \u00e0 loccasion du Printemps des Po\u00e8tes sont \u00e0 retrouver sur le site du Printemps des Po\u00e8tes : Ch\u00e8re famille, nous sommes vraiment touch\u00e9s par ce tragique \u00e9v\u00e9nement. Angelina \u00e9tait une jeune fille pleine de vie et souriante. Cest une \u00e9preuve tr\u00e8s difficile que vous vivez, nous voulons vous transmettre tout notre soutien et notre amour. Angelina restera toujours grav\u00e9e dans notre m\u00e9moire. Christel, Henry Chiago et leurs enfants Fran\u00e7oise Lison-Leroy, po\u00e8te belge, a re\u00e7u en 2017 le Prix du po\u00e8me en prose Louis Guillaume. 1er PRIX : Cl\u00e9mence CHENARD de l\u00e9cole Sainte-Marie du Landreau 44, po\u00e8me Amiti\u00e9 <img decoding=\"async\" src=\"http:\/\/lescribeharmattan.hautetfort.com\/media\/02\/01\/2360684588.jpg\" alt=\"poeme de la rencontre\" align=\"right\"> Enregistrer mon nom, mon e-mail et mon site web dans le navigateur pour mon prochain commentaire. Voir R. Char, Page dascendants pour lan 1964, Grands astreignants ou la Conversation souveraine, in Recherche de la base et du sommet, \u0152uvres Compl\u00e8tes, p. 712 : Apollinaire abouche le chant profond avec la faconde. <img decoding=\"async\" src=\"http:\/\/f9.img.v4.skyrock.net\/8393\/29478393\/pics\/1327043810.jpg\" alt=\"poeme de la rencontre\" align=\"left\">.<\/p>\n","protected":false},"excerpt":{"rendered":"<p>poeme de la rencontre<\/p>\n","protected":false},"author":1,"featured_media":0,"comment_status":"closed","ping_status":"closed","sticky":false,"template":"","format":"standard","meta":{"footnotes":""},"categories":[1],"tags":[],"_links":{"self":[{"href":"https:\/\/dig-stuttgart.de\/info\/wp-json\/wp\/v2\/posts\/6352"}],"collection":[{"href":"https:\/\/dig-stuttgart.de\/info\/wp-json\/wp\/v2\/posts"}],"about":[{"href":"https:\/\/dig-stuttgart.de\/info\/wp-json\/wp\/v2\/types\/post"}],"author":[{"embeddable":true,"href":"https:\/\/dig-stuttgart.de\/info\/wp-json\/wp\/v2\/users\/1"}],"replies":[{"embeddable":true,"href":"https:\/\/dig-stuttgart.de\/info\/wp-json\/wp\/v2\/comments?post=6352"}],"version-history":[{"count":1,"href":"https:\/\/dig-stuttgart.de\/info\/wp-json\/wp\/v2\/posts\/6352\/revisions"}],"predecessor-version":[{"id":6353,"href":"https:\/\/dig-stuttgart.de\/info\/wp-json\/wp\/v2\/posts\/6352\/revisions\/6353"}],"wp:attachment":[{"href":"https:\/\/dig-stuttgart.de\/info\/wp-json\/wp\/v2\/media?parent=6352"}],"wp:term":[{"taxonomy":"category","embeddable":true,"href":"https:\/\/dig-stuttgart.de\/info\/wp-json\/wp\/v2\/categories?post=6352"},{"taxonomy":"post_tag","embeddable":true,"href":"https:\/\/dig-stuttgart.de\/info\/wp-json\/wp\/v2\/tags?post=6352"}],"curies":[{"name":"wp","href":"https:\/\/api.w.org\/{rel}","templated":true}]}}