{"id":6378,"date":"2020-07-05T01:39:25","date_gmt":"2020-07-05T01:39:25","guid":{"rendered":"http:\/\/dig-stuttgart.de\/info\/?p=6378"},"modified":"2020-06-28T01:55:31","modified_gmt":"2020-06-28T01:55:31","slug":"scout-la-rencontre","status":"publish","type":"post","link":"https:\/\/dig-stuttgart.de\/info\/2020\/07\/05\/scout-la-rencontre\/","title":{"rendered":"Scout La Rencontre"},"content":{"rendered":"<p>Pour de longs textes, utilisez le meilleur traducteur en ligne au monde! Issus dun mouvement catholique, les Scouts et Guides de France comptent 85.000 adh\u00e9rents dans 830 locaux et accueillent n\u00e9anmoins tous les jeunes, filles et gar\u00e7ons, de 6 \u00e0 21 ans, quelle que soit leur orientation religieuse o\u00f9 leur absence de foi dans le cas contraire. Lassociation ne fait pas de pros\u00e9lytisme mais compte cependant dans ses activit\u00e9s des temps de pri\u00e8re obligatoire pour tous, mais libres en quelque sorte. Les jeunes musulmans, par exemple, qui font partie de lassociation prient \u00e0 leur mani\u00e8re, mais celles et ceux qui nont pas de religion doivent elles aussi participer \u00e0 ces temps de pri\u00e8re. Car dapr\u00e8s Pierre-Antoine Arvers, d\u00e9l\u00e9gu\u00e9 territorial de lassociation, la dimension spirituelle peut-\u00eatre partag\u00e9e par tous. Comment sest d\u00e9roul\u00e9e la pr\u00e9paration au Jamboree pour le contingent belge? Lorsque le Heavy est vu avec son Sandvich, le point de contr\u00f4le est BLU. Celui-ci devient RED une fois que le Scout mange son Sandvich. R\u00e9sultat dun travail d\u00e9quipe, auquel ont \u00e9t\u00e9 associ\u00e9es Claire Jonard, coordinatrice de la Liaison des Pastorales des Jeunes, et Sabine Dubois du Service dioc\u00e9sain de la jeunesse de Li\u00e8ge, la brochure vise \u00e0 donner des pistes danimation chr\u00e9tienne, mais avec une ouverture la plus \u0153cum\u00e9nique possible, sans toutefois chercher \u00e0 \u00e9quilibrer toutes les tendances chr\u00e9tiennes. Il sagit non seulement de montrer en quoi la r\u00e9f\u00e9rence aux valeurs \u00e9vang\u00e9liques constitue une ressource enrichissante pour la vie, mais aussi de proposer une rencontre, y lit-on. Une rencontre avec J\u00e9sus-Christ, car louverture propos\u00e9e est catholique. Camille : Cest s\u00fbr que \u00e7a arrive. On nous a d\u00e9j\u00e0 dit quon est juste une bande de filles ou ce genre de truc dans le tchat, mais une fois face \u00e0 face, ils sont super fins. Cest toujours dr\u00f4le les endroits comme DreamHack. Une personne hyper-toxique en ligne peut venir nous voir \u00e0 levent et \u00eatre totalement agr\u00e9able. 11-14 ans : les Scouts et Guides fusionnent les branches Guides GdF et Scouts et scoutes SdF. Ils portent une chemise bleue. Les jeunes vivant la proposition marine sont les Mousses ; ils portent la chemise bleue, manches remont\u00e9es, et un polo ray\u00e9 bleu marine et blanc ; Envoyer \u00e0 ladresse e-mail Votre nom Votre adresse e-mail <img decoding=\"async\" src=\"http:\/\/www.catholiques-val-de-bievre.org\/IMG\/jpg\/MSMPIO.jpg\" alt=\"scout la rencontre\" align=\"right\"> Elles participent \u00e0 la surveillance des feux de for\u00eats en partenariat avec lONF Office National des For\u00eats, les pompiers, les collectivit\u00e9s locales.  Jean-Michel Blanquer a rencontr\u00e9 de nombreux jeunes et leurs encadrants venus de toute la France, mais aussi du monde entier, pour \u00e9voquer les th\u00e9matiques dengagement, de citoyennet\u00e9 et d\u00e9cologie. Il a particip\u00e9 au lancement des activit\u00e9s et a visit\u00e9 les installations \u00e9co-responsables de ce vaste rassemblement afin d\u00e9voquer les enjeux de et la transmission de ces initiatives \u00e0 de jeunes citoyens.   Nous utilisons des cookies pour vous identifier en tant qutilisateur lors de votre visite sur notre site et pour vous fournir un acc\u00e8s rapide et sans heurts aux informations que vous recherchez. Certains des cookies que nous utilisons sont techniquement n\u00e9cessaires, ce qui est essentiel par exemple pour le panier ou la fourniture de notre contenu dans diff\u00e9rentes langues, tandis que dautres nous aident \u00e0 am\u00e9liorer notre offre de mani\u00e8re conviviale. Aucun des cookies ne contient dinformations sp\u00e9cifiques \u00e0 une personne. En cliquant sur le bouton Autoriser les cookies, vous acceptez lutilisation de tous les cookies. En cliquant sur le bouton Refuser, vous ne d\u00e9finissez que les cookies techniques indispensables \u00e0 la diffusion du contenu. Vous pouvez acc\u00e9der \u00e0 ces param\u00e8tres et les modifier \u00e0 tout moment bouton Cookie Policy en bas de notre site Web. Mon p\u00e8re sappelait Ervin et jaimais bien ce pr\u00e9nom. Dans mon esprit, \u00e7a \u00e9voquait je ne sais quel h\u00e9ros de r\u00e9cit mythologique, chevalier de conte de f\u00e9es ou paladin m\u00e9di\u00e9val. Il \u00e9tait n\u00e9 dans cette r\u00e9gion dEurope centrale de langue hongroise appel\u00e9e Transylvanie, qui faisait la navette de part et dautre de la fronti\u00e8re s\u00e9parant la Hongrie et la Roumanie selon les guerres, les trait\u00e9s et annexions diverses. Laction des scouts dans les quartiers, cest aussi de vivre la mixit\u00e9 culturelle et sociale. Je suis toujours frapp\u00e9 du d\u00e9calage entre les chefs scouts et les animateurs issus des quartiers quand je participe aux animations ou visite les camps d\u00e9t\u00e9. Le chef scout fait directement confiance, alors que cest suspect pour lanimateur de quartier. Par exemple, lors de mon premier camp scout, jai \u00e9t\u00e9 sid\u00e9r\u00e9 de voir les chefs et cheftaines laisser leurs affaires en vue. Pour moi, c\u00e9tait fondamental de ne pas laisser tra\u00eener ses affaires car trop risqu\u00e9 : dans la rue, on ma appris que ce qui nest \u00e0 personne est \u00e0 moi. Le d\u00e9calage, lorsquun chef scout rencontre un animateur de quartier, vient de l\u00e0! \u00c0 la m\u00e9fiance, au besoin de saffirmer, au r\u00e9flexe de repli sur son groupe ou son territoire, le scoutisme pr\u00e9f\u00e8re la confiance, le d\u00e9passement de soi, la fiert\u00e9. Entrez votre e-mail ci-dessous afin de recevoir les instructions de changement de mot de passe. <img decoding=\"async\" src=\"http:\/\/www.robertsau.eu\/wp-content\/uploads\/2013\/10\/flyer_taize.jpg\" alt=\"scout la rencontre\" align=\"center\"> reconnu comme mouvement \u00e9ducatif de l en, le mouvement participe activement \u00e0 la pastorale des jeunes dans les. De m\u00eame pour la Conf\u00e9rence Internationale Catholique du Scoutisme et la Conf\u00e9rence Internationale Catholique du Guidisme dont les et les \u00e9taient des associations fondatrices, lieux d\u00e9changes, de rencontres, de partage et d\u00e9tudes dans le domaine de la p\u00e9dagogie religieuse et de la vie en \u00c9glise. Elles sont toutes deux reconnues \u00e0 la fois par les deux associations mondiales du scoutisme et du guidisme et par le comme Organisation Internationale Catholique. <img decoding=\"async\" src=\"http:\/\/www.jambora.net\/img\/Programme-2016.jpg\" alt=\"scout la rencontre\" align=\"center\"> Ajouter plusieurs plans dans une shotlist puis t\u00e9l\u00e9charger la shortlist compl\u00e8te en utilisant le t\u00e9l\u00e9chargement pour pr\u00e9visualisation. Cette exp\u00e9rience amusante et interculturelle permet de d\u00e9couvrir diff\u00e9rentes mani\u00e8res de vivre le scoutisme. Elle permet de prendre conscience de la fraternit\u00e9 scoute mondiale et favorise la paix. Il y a 0 produits dans votre panier. Il y a 1 produit dans votre panier. Ces r\u00f4les permettent de r\u00e9partir les t\u00e2ches pour la pr\u00e9paration dun week-end ou dun camp, et sensibilisent les jeunes \u00e0 la notion de responsabilit\u00e9. Parall\u00e8lement \u00e0 ces r\u00f4les, chaque jeune choisit un itin\u00e9raire pour chaque cap. Il y a en tout six itin\u00e9raires : Entrevue avec une \u00e9quipe de joueuses rencontr\u00e9es lors de la DreamHack Montr\u00e9al 2019. R\u00e9aliser etou contr\u00f4ler etou diriger les diff\u00e9rentes activit\u00e9s du groupe.<\/p>\n","protected":false},"excerpt":{"rendered":"<p>scout la rencontre<\/p>\n","protected":false},"author":1,"featured_media":0,"comment_status":"closed","ping_status":"closed","sticky":false,"template":"","format":"standard","meta":{"footnotes":""},"categories":[1],"tags":[],"_links":{"self":[{"href":"https:\/\/dig-stuttgart.de\/info\/wp-json\/wp\/v2\/posts\/6378"}],"collection":[{"href":"https:\/\/dig-stuttgart.de\/info\/wp-json\/wp\/v2\/posts"}],"about":[{"href":"https:\/\/dig-stuttgart.de\/info\/wp-json\/wp\/v2\/types\/post"}],"author":[{"embeddable":true,"href":"https:\/\/dig-stuttgart.de\/info\/wp-json\/wp\/v2\/users\/1"}],"replies":[{"embeddable":true,"href":"https:\/\/dig-stuttgart.de\/info\/wp-json\/wp\/v2\/comments?post=6378"}],"version-history":[{"count":1,"href":"https:\/\/dig-stuttgart.de\/info\/wp-json\/wp\/v2\/posts\/6378\/revisions"}],"predecessor-version":[{"id":6379,"href":"https:\/\/dig-stuttgart.de\/info\/wp-json\/wp\/v2\/posts\/6378\/revisions\/6379"}],"wp:attachment":[{"href":"https:\/\/dig-stuttgart.de\/info\/wp-json\/wp\/v2\/media?parent=6378"}],"wp:term":[{"taxonomy":"category","embeddable":true,"href":"https:\/\/dig-stuttgart.de\/info\/wp-json\/wp\/v2\/categories?post=6378"},{"taxonomy":"post_tag","embeddable":true,"href":"https:\/\/dig-stuttgart.de\/info\/wp-json\/wp\/v2\/tags?post=6378"}],"curies":[{"name":"wp","href":"https:\/\/api.w.org\/{rel}","templated":true}]}}