{"id":6386,"date":"2020-07-05T06:47:46","date_gmt":"2020-07-05T06:47:46","guid":{"rendered":"http:\/\/dig-stuttgart.de\/info\/?p=6386"},"modified":"2020-06-28T01:59:53","modified_gmt":"2020-06-28T01:59:53","slug":"comment-rencontrer-herbert-leonard","status":"publish","type":"post","link":"https:\/\/dig-stuttgart.de\/info\/2020\/07\/05\/comment-rencontrer-herbert-leonard\/","title":{"rendered":"Comment Rencontrer Herbert Leonard"},"content":{"rendered":"<p><img decoding=\"async\" src=\"http:\/\/medsci.free.fr\/blogs\/images\/LasVergnas%20(b).gif\" alt=\"comment rencontrer herbert leonard\" align=\"left\"> Les si\u00e8ges arri\u00e8re m\u00e9ritent plus d\u00eatre consid\u00e9r\u00e9s comme une extension du coffre quasiment rempli par les deux parties du T-Top. Toujours dans le cadre du th\u00e9atre : V\u00e9ronique Jannot pr\u00e9tentieuse et Rosy Varte le savoir vivre absolu.. Aimer 5-amoureux fous 6-commencez sans moi 7-\u00e7a pleure pas un.-ce que tu penses a moi 14-laissez nous rever 15. Musicstory.centerblog.net Cl\u00e9o L\u00e9onard na jamais cess\u00e9 de le soutenir durant toute sa maladie. Omnipr\u00e9sente au c\u00f4t\u00e9 du chanteur, aujourdhui \u00e2g\u00e9 de 72 ans, elle a continuellement entretenu le lien entre les admirateurs inquiets et son artiste de mari. Ren\u00e9 Sorre, son manager, a m\u00eame rajout\u00e9 : \u00c7a \u00e9volue vraiment dans le bon sens. Il y a une am\u00e9lioration sensible. Il va tous les jours un peu mieux. <img decoding=\"async\" src=\"http:\/\/cdn.wtvideo.com\/images\/original\/17662.jpg\" alt=\"comment rencontrer herbert leonard\" align=\"right\"> Claude ma beaucoup apport\u00e9. Dans tout ce que jai fait et ce que je fais aujourdhui, il y a un peu de Claude. Jentends sa voix me dire, fais \u00e7a, ne fais pas \u00e7a, \u00e7a cest bien, Buggy.  <img decoding=\"async\" src=\"http:\/\/www.forkscars.fr\/wp-content\/uploads\/2015\/11\/Ford-Forks-Mag-forkscars.fr-web-800-672x372.jpg\" alt=\"comment rencontrer herbert leonard\" align=\"left\">  Chacun les chansons que lon a lhabitude de chanter. Vous b\u00e9n\u00e9ficiez tous du m\u00eame temps?  D\u00e9couvrez tous nos articles en clair pour seulement 1 sans engagement. Anthony delon je lui suis rentr\u00e9e dedant de plein fouet un soir d\u00e9t\u00e9 \u00e0 bandol&#8230; Pas mal mais plus petit que je ne pensais.. Jai vu catherine deneuve, dans le tournage dun film, pas loin de chez moi Je connais Vline depuis 1983, date \u00e0 laquelle je la rencontre sur une tourn\u00e9e avec le chanteur quelle a remis au premier plan et pour lequel elle est devenue productrice tout en lui \u00e9crivant Pour le plaisir avec un certain Julien Lepers et bien dautres chansons par la suite. Cest Herbert L\u00e9onard. La semaine apr\u00e8s le 29 mars 1996. Direction musicale : Evans Haile. Mise en sc\u00e8ne : David Chisholm. Sc\u00e9nographie : Christiana Plitzko. Avec Teresa, Lisa Russell Maria, Martin Lane Pedro, Lewis Fiander General Caraba\u00f1a. Chamber Orchestra of Geelong. Cameron Wenn metteur en sc\u00e8ne associ\u00e9. Les artistes chanteurs dAlzaprod se sont d\u00e9j\u00e0 d\u00e9plac\u00e9s dans de nombreuses salles \u00e0 travers la France pour rencontrer leur public : Paris, Strasbourg, Lun\u00e9ville, Metz, Nancy. Pierre richard c\u00f4te \u00e0 c\u00f4te \u00e0 un feu rouge habill\u00e9 en cow boyet aussi la m\u00eame ann\u00e9e dans une bo\u00eete de nuit \u00e0 paris Thierry Lermite attendant son bagage sur le m\u00eame tapis roulant,.<\/p>\n","protected":false},"excerpt":{"rendered":"<p>comment rencontrer herbert leonard<\/p>\n","protected":false},"author":1,"featured_media":0,"comment_status":"closed","ping_status":"closed","sticky":false,"template":"","format":"standard","meta":{"footnotes":""},"categories":[1],"tags":[],"_links":{"self":[{"href":"https:\/\/dig-stuttgart.de\/info\/wp-json\/wp\/v2\/posts\/6386"}],"collection":[{"href":"https:\/\/dig-stuttgart.de\/info\/wp-json\/wp\/v2\/posts"}],"about":[{"href":"https:\/\/dig-stuttgart.de\/info\/wp-json\/wp\/v2\/types\/post"}],"author":[{"embeddable":true,"href":"https:\/\/dig-stuttgart.de\/info\/wp-json\/wp\/v2\/users\/1"}],"replies":[{"embeddable":true,"href":"https:\/\/dig-stuttgart.de\/info\/wp-json\/wp\/v2\/comments?post=6386"}],"version-history":[{"count":1,"href":"https:\/\/dig-stuttgart.de\/info\/wp-json\/wp\/v2\/posts\/6386\/revisions"}],"predecessor-version":[{"id":6387,"href":"https:\/\/dig-stuttgart.de\/info\/wp-json\/wp\/v2\/posts\/6386\/revisions\/6387"}],"wp:attachment":[{"href":"https:\/\/dig-stuttgart.de\/info\/wp-json\/wp\/v2\/media?parent=6386"}],"wp:term":[{"taxonomy":"category","embeddable":true,"href":"https:\/\/dig-stuttgart.de\/info\/wp-json\/wp\/v2\/categories?post=6386"},{"taxonomy":"post_tag","embeddable":true,"href":"https:\/\/dig-stuttgart.de\/info\/wp-json\/wp\/v2\/tags?post=6386"}],"curies":[{"name":"wp","href":"https:\/\/api.w.org\/{rel}","templated":true}]}}