{"id":6396,"date":"2020-07-05T09:47:55","date_gmt":"2020-07-05T09:47:55","guid":{"rendered":"http:\/\/dig-stuttgart.de\/info\/?p=6396"},"modified":"2020-06-28T02:03:35","modified_gmt":"2020-06-28T02:03:35","slug":"rencontres-fayence","status":"publish","type":"post","link":"https:\/\/dig-stuttgart.de\/info\/2020\/07\/05\/rencontres-fayence\/","title":{"rendered":"Rencontres Fayence"},"content":{"rendered":"<p>Ce site utilise Akismet pour r\u00e9duire les ind\u00e9sirables..  un homme de 45 ans habitant Fayence, je recherche une femme \u00e0 rencontrer. Vous avez fait une belle rencontre dans le Var et vous souhaitez faire des balades \u00e0 la hauteur de votre romance? Nous vous soufflons quelques id\u00e9es. <img decoding=\"async\" src=\"http:\/\/globalnewspapers.today\/images\/issue-covers\/2018\/04\/14\/france-var-matin-draguignan-pays-de-fayence.png\" alt=\"rencontres fayence\" align=\"left\"> Politique de confidentialit\u00e9 et gestion des cookies pianiste, chanteuse, intervenante musique et professeur \u00e0 l\u00e9cole de musique de seillans, actuellement en formation en harmonie, chant et piano jazz fin de 3\u00e8me cycle au conservatoire de musique.. Musique 3 rue Maurice Astier Fayence 83440  Nous recherchons un spectacle pour notre soir\u00e9e,dans le cadre du Printemps des Po\u00e8tes, le samedi 14 mars 2020. Nous aimerions un spectacle inter-g\u00e9n\u00e9rationnel, inter-actif, convivial. Nous avons.. Budget de 150 \u00e0 250 Th\u00e9\u00e2tre Bargemon 83830 Modifi\u00e9 le 130120 Je mesure 1m65, mince dallure. Je suis du signe de la balance. R\u00e9gion: <img decoding=\"async\" src=\"http:\/\/www.colesra.tk\/wp-content\/uploads\/2018\/04\/Cugo-Gran-Menorca-300x200.jpg\" alt=\"rencontres fayence\" align=\"right\"> Pour jeunes et enfants Paroisses catholiques du Pays de Fayence Cette adresse e-mail est prot\u00e9g\u00e9e contre les robots spammeurs. Vous devez activer le JavaScript pour la visualiser. Les cookies sont g\u00e9r\u00e9s par votre navigateur internet. Homme de 62 ans recherche son \u00e9gal. Je fais 1.73 et pese 110 kg. Recherche: Je cherche l amour, m\u00eame \u00e0 mon \u00e2ge.mme taille ou approximatif, pas trop gros, de pr\u00e9f\u00e9rence cheveux gris ou rase,Quil soit-ou,sans probl\u00e8me. Ne peut recevoir mais me d\u00e9place. Photo obligatoire..  Le Cin\u00e9matographe. Sainte Tulle Avenue de la R\u00e9publique 04220 Sainte-Tulle T\u00e9l.:0492782113 Faites passer vos infos et annoncez vos \u00e9v\u00e9nements 2019! Galerie L\u0153il de S\u00e9vign\u00e9, Paris, Voir et Revoir les Peintres de la Galerie. <img decoding=\"async\" src=\"http:\/\/66.media.tumblr.com\/5044df502a63f0989c6191d8fb9a8522\/tumblr_inline_nm6e73MMaZ1qdr11p_500.jpg\" alt=\"rencontres fayence\" align=\"center\"> Toutes nos escortes sont ind\u00e9pendantes et elles le font parce quelles veulent \u00e7a et sans contraintes. Nous nous sp\u00e9cialisons dans les escortes haut de gamme qui sont accueillantes, serviables, belles et enjou\u00e9es. R\u00e9serv\u00e9 aux client VIP de Fayence qui cherchent le meilleur. Les maitresses peuvent \u00eatre votre petite copine sensuelle durant cet instant magique de sexe dans leur logement. Elles usent de leur beaut\u00e9 pour r\u00e9aliser toutes vos envies. Contrairement aux prostitu\u00e9es qui travaillent dans la rue ou dans une voiture, les escortes vous invitent chez elles ou dans leur chambre dh\u00f4tel pour vous offrir confort et d\u00e9tente. Profitez de nos services si vous \u00eates demandeur dun moment chaud intense sur Fayence.<\/p>\n","protected":false},"excerpt":{"rendered":"<p>rencontres fayence<\/p>\n","protected":false},"author":1,"featured_media":0,"comment_status":"closed","ping_status":"closed","sticky":false,"template":"","format":"standard","meta":{"footnotes":""},"categories":[1],"tags":[],"_links":{"self":[{"href":"https:\/\/dig-stuttgart.de\/info\/wp-json\/wp\/v2\/posts\/6396"}],"collection":[{"href":"https:\/\/dig-stuttgart.de\/info\/wp-json\/wp\/v2\/posts"}],"about":[{"href":"https:\/\/dig-stuttgart.de\/info\/wp-json\/wp\/v2\/types\/post"}],"author":[{"embeddable":true,"href":"https:\/\/dig-stuttgart.de\/info\/wp-json\/wp\/v2\/users\/1"}],"replies":[{"embeddable":true,"href":"https:\/\/dig-stuttgart.de\/info\/wp-json\/wp\/v2\/comments?post=6396"}],"version-history":[{"count":1,"href":"https:\/\/dig-stuttgart.de\/info\/wp-json\/wp\/v2\/posts\/6396\/revisions"}],"predecessor-version":[{"id":6397,"href":"https:\/\/dig-stuttgart.de\/info\/wp-json\/wp\/v2\/posts\/6396\/revisions\/6397"}],"wp:attachment":[{"href":"https:\/\/dig-stuttgart.de\/info\/wp-json\/wp\/v2\/media?parent=6396"}],"wp:term":[{"taxonomy":"category","embeddable":true,"href":"https:\/\/dig-stuttgart.de\/info\/wp-json\/wp\/v2\/categories?post=6396"},{"taxonomy":"post_tag","embeddable":true,"href":"https:\/\/dig-stuttgart.de\/info\/wp-json\/wp\/v2\/tags?post=6396"}],"curies":[{"name":"wp","href":"https:\/\/api.w.org\/{rel}","templated":true}]}}