{"id":6406,"date":"2020-07-05T18:42:14","date_gmt":"2020-07-05T18:42:14","guid":{"rendered":"http:\/\/dig-stuttgart.de\/info\/?p=6406"},"modified":"2020-06-28T02:12:03","modified_gmt":"2020-06-28T02:12:03","slug":"rencontre-azteques-espagnols","status":"publish","type":"post","link":"https:\/\/dig-stuttgart.de\/info\/2020\/07\/05\/rencontre-azteques-espagnols\/","title":{"rendered":"Rencontre Azteques Espagnols"},"content":{"rendered":"<p>  Page de Jean-Pierre Lardy de lUrfist de Lyon cr\u00e9\u00e9e en 2006, signalant les diff\u00e9rentes biblioth\u00e8ques num\u00e9riques en acc\u00e8s libre et g\u00e9n\u00e9ralement gratuit sur internet. Biblioth\u00e8ques num\u00e9riques en fran\u00e7ais par ordre alphab\u00e9tique du nom de la biblioth\u00e8que. Quelques biblioth\u00e8ques autour d oeuvres de scientifiques. Biblioth\u00e8ques num\u00e9riques en sciences en anglais. Pr\u00e9sentation de latelier de Jean Arp et Sophie Taeuber \u00e0 Clamart, de la fondation. Rubriques consacr\u00e9es \u00e0 ces artistes biographie, oeuvres, bibliographie, expositions. Diaporamas et vid\u00e9os. Informations pratiques. Un site et un lieu \u00e0 d\u00e9couvrir. Laisse \u00e0 Mexico son adjoint Alvadaro et quelques dizaines hommes. Apprendre le grec ancien : cours et outils linguistiques ; la langue grecque : histoire, dialectes.. De Carmen Bernand et Serge Gruzinski : un ouvrage passionnant qui se lit comme un roman \u00e9crit par la plume avis\u00e9e de deux grands historiens de notre temps. La marque de leur inf\u00e9riorit\u00e9. Ils ne pouvaient occuper aucune <img decoding=\"async\" src=\"http:\/\/www.horizon-nomade.com\/wp-content\/uploads\/2012\/03\/mna_07.jpg\" alt=\"rencontre azteques espagnols\" align=\"left\"> La plateforme de partage de contenus audio-vid\u00e9o d\u00e9di\u00e9e aux enseignants se rencontrer v pron verbe pronominal: verbe qui sutilise avec le pronom r\u00e9fl\u00e9chi se, qui saccorde avec le sujet. Ex : se regarder : Je me regarde dans le miroir. Tu te regardes dans le miroir. Les verbes pronominaux se conjuguent toujours avec lauxiliaire \u00eatre. Ex : Elle a lav\u00e9 la voiture mais Elle s est lav\u00e9e. On peut consulter les actualit\u00e9s et les mises \u00e0 jour. Message en cas derreur au focus sur le champ Veuillez saisir le code de s\u00e9curit\u00e9 ci-dessous : Le best-seller GEOBOOK se r\u00e9invente avec une \u00e9dition enti\u00e8rement mise \u00e0 jour pour d\u00e9couvrir les derni\u00e8res tendances des vacances en France. Il permet \u00e0 chacun de trouver le s\u00e9jour qui lui correspond! <img decoding=\"async\" src=\"http:\/\/www.espritsciencemetaphysiques.com\/wp-content\/uploads\/2016\/07\/Aztec-chinampas1-1024x675.jpg\" alt=\"rencontre azteques espagnols\" align=\"center\"> Laurait pu trouver quelquun dautre que ce raciste-r\u00e9publicain, notre bon vieux Jules Ferry qui disait : 28 Codex Borbonicus. Manuscrit mexicain de la biblioth\u00e8que du Palais Bourbon, publi\u00e9 en facsimil\u00e9 avec un prof particulier d\u00e9di\u00e9 en visio conf\u00e9rence pendant toute la p\u00e9riode de confinement.  <img decoding=\"async\" src=\"http:\/\/www.mexique-fr.com\/historia\/Rencontre2.jpg\" alt=\"rencontre azteques espagnols\" align=\"left\"> : Franquin et Gaston, notes bibliographiques, comment Franquin dessine Gaston? Les couleurs de Gaston. Petit mot de Fred Jannin ImportantAfin de favoriser des discussions riches, respectueuses et constructives, chaque commentaire soumis sur les tribunes desera dor\u00e9navant sign\u00e9 des noms et pr\u00e9noms de son auteur \u00e0 lexception de la zone Jeunesse. Le nom dutilisateur pseudonyme ne sera plus affich\u00e9. Moctezuma madressa les paroles suivantes : Il y a bien longtemps que, par tradition, nous avons appris de nos anc\u00eatres, que ni moi, ni aucun de ceux qui habitent la contr\u00e9e nen sommes les naturels ; nous sommes \u00e9trangers et nous sommes venus de pays lointains. Nous savons aussi que ce fut un grand chef qui nous amena dans ce pays, o\u00f9 nous \u00e9tions tous ses vassaux ; il retourna dans sa patrie, do\u00f9 il ne revint que longtemps apr\u00e8s, et si longtemps quil retrouva ceux quil avait laiss\u00e9s derri\u00e8re lui mari\u00e9s avec les femmes de la contr\u00e9e et vivant en famille dans les nombreux villages quils avaient fond\u00e9s. Il voulut les emmener avec lui mais ils sy refus\u00e8rent et ne voulurent m\u00eame pas le reconna\u00eetre pour leur seigneur. Alors il repartit. Nous avons toujours cru, depuis, que ces descendants reviendraient un jour pour conqu\u00e9rir notre pays et faire de nous ses sujets ; et dapr\u00e8s la partie du monde do\u00f9 vous me dites venir, qui est celle do\u00f9 le soleil se l\u00e8ve, et les choses que vous me contez du grand roi qui vous a envoy\u00e9s, nous sommes persuad\u00e9s que cest lui le v\u00e9ritable seigneur ; dautant plus que, depuis longtemps, il est, dites-vous, au courant de nos affaires. Soyez donc certains que nous vous ob\u00e9irons et que nous vous reconna\u00eetrons pour ma\u00eetre au lieu et place du roi dont vous parler et quil ne doit pas y avoir le moindre doute \u00e0 cet \u00e9gard Site de Globule \u00e9ditions, maison d\u00c9dition associative participative et tout particuli\u00e8rement du journal Globules.<\/p>\n","protected":false},"excerpt":{"rendered":"<p>rencontre azteques espagnols<\/p>\n","protected":false},"author":1,"featured_media":0,"comment_status":"closed","ping_status":"closed","sticky":false,"template":"","format":"standard","meta":{"footnotes":""},"categories":[1],"tags":[],"_links":{"self":[{"href":"https:\/\/dig-stuttgart.de\/info\/wp-json\/wp\/v2\/posts\/6406"}],"collection":[{"href":"https:\/\/dig-stuttgart.de\/info\/wp-json\/wp\/v2\/posts"}],"about":[{"href":"https:\/\/dig-stuttgart.de\/info\/wp-json\/wp\/v2\/types\/post"}],"author":[{"embeddable":true,"href":"https:\/\/dig-stuttgart.de\/info\/wp-json\/wp\/v2\/users\/1"}],"replies":[{"embeddable":true,"href":"https:\/\/dig-stuttgart.de\/info\/wp-json\/wp\/v2\/comments?post=6406"}],"version-history":[{"count":1,"href":"https:\/\/dig-stuttgart.de\/info\/wp-json\/wp\/v2\/posts\/6406\/revisions"}],"predecessor-version":[{"id":6407,"href":"https:\/\/dig-stuttgart.de\/info\/wp-json\/wp\/v2\/posts\/6406\/revisions\/6407"}],"wp:attachment":[{"href":"https:\/\/dig-stuttgart.de\/info\/wp-json\/wp\/v2\/media?parent=6406"}],"wp:term":[{"taxonomy":"category","embeddable":true,"href":"https:\/\/dig-stuttgart.de\/info\/wp-json\/wp\/v2\/categories?post=6406"},{"taxonomy":"post_tag","embeddable":true,"href":"https:\/\/dig-stuttgart.de\/info\/wp-json\/wp\/v2\/tags?post=6406"}],"curies":[{"name":"wp","href":"https:\/\/api.w.org\/{rel}","templated":true}]}}