{"id":6420,"date":"2020-07-05T04:22:03","date_gmt":"2020-07-05T04:22:03","guid":{"rendered":"http:\/\/dig-stuttgart.de\/info\/?p=6420"},"modified":"2020-06-28T02:19:23","modified_gmt":"2020-06-28T02:19:23","slug":"eva-mendes-ryan-gosling-rencontre","status":"publish","type":"post","link":"https:\/\/dig-stuttgart.de\/info\/2020\/07\/05\/eva-mendes-ryan-gosling-rencontre\/","title":{"rendered":"Eva Mendes Ryan Gosling Rencontre"},"content":{"rendered":"<p>Eva Mendes et Ryan Gosling ont accueilli un nouveau venu dans leur famille! Et cest Eva Mendes qui la pr\u00e9sent\u00e9.. Mary Elizabeth Winstead et Ginnifer Goodwin ont auditionn\u00e9 pour le r\u00f4le finalement \u00e9chu \u00e0 Rose Byrne. A noter que Greta Gerwig a \u00e9t\u00e9 engag\u00e9e \u00e0 lorigine mais a finalement d\u00fb renoncer pour des probl\u00e8mes demploi du temps. Inscrivez-vous gratuitement et ne ratez plus les articles qui vous int\u00e9ressent! Artemis Fowl, Thor, Cendrillon : 3 univers magiques revisit\u00e9s par Kenneth Branagh sur Disney Toutes les actus Cin\u00e9ma Depuis quils sont tomb\u00e9s amoureux sur le tournage du film The Place Beyond the Pines, en 2011, Eva Mendes et Ryan Gosling se veulent tr\u00e8s discrets sur leur vie de famille avec leurs filles, 5 et 3 ans, mais aussi. En mai 2019, lactrice dorigine cubaine avait tout de m\u00eame confi\u00e9 : Nous essayons denseigner lespagnol aux enfants, mais cest plus dur que ce que je pensais, a expliqu\u00e9 la star dans l\u00e9mission The Talk. Je parle spanglish et cest ce quelles retiennent. Donc cest adorable, mais techniquement, ce nest pas une langue. 2006 : meilleure r\u00e9v\u00e9lation masculine pour Half Nelson Please accept our terms of service and privacy policy Veuillez entrer une adresse valide Merci pour votre inscription! Vous allez bient\u00f4t recevoir un email de confirmation. Nous avons un probl\u00e8me avec votre inscription. Interview\u00e9e par le magazine Womens Health, lactrice sest laiss\u00e9e aux confidences concernant sa vie priv\u00e9e. C\u00e9tait la chose la plus \u00e9loign\u00e9e de mon esprit, explique Eva Mendes concernant le projet de devenir m\u00e8re. Puis Ryan Gosling est arriv\u00e9, a-t-elle ajout\u00e9. Rencontr\u00e9s sur le tournage de The Place Beyond the Pines en 2011, les deux acteurs ne se sont plus l\u00e2ch\u00e9s depuis. Je suis tomb\u00e9e amoureuse de lui et \u00e7a a pris tout son sens. Je voulais des enfants mais surtout, ses enfants. C\u00e9tait tr\u00e8s sp\u00e9cifique. Maman de deux petites filles Elle \u00e9tait pr\u00eate \u00e0 \u00eatre m\u00e8re depuis un moment et partager cette exp\u00e9rience avec Ryan est un r\u00eave devenu r\u00e9alit\u00e9 a indiqu\u00e9 un proche \u00e0 OK! Magazine. Selon les informations du magazine people, lactrice devrait accoucher en septembre. Une belle nouvelle pour le couple et une surprise pour ses fans. En effet, \u00e0 40 ans, Eva Mendes avait fait part \u00e0 plusieurs reprises de son d\u00e9sir de ne pas \u00eatre m\u00e8re. Je ne veux pas avoir denfants. Jadore ces petits monstres, ils sont trop mignons, mais jaime trop dormir et je minqui\u00e8te pour un rien avait-elle dit en 2007 \u00e0 Entertainment Wise. On vient dapprendre quEva Mendes et Ryan Gosling \u00e9taient les heureux parents dune deuxi\u00e8me fille depuis d\u00e9j\u00e0 plusieurs jours. Vous ne le saviez pas? Cest normal, tout cela sest pass\u00e9 dans la plus grande discr\u00e9tion. En lecture : Ryan Gosling et Eva Mendes : le pr\u00e9nom de leur fille enfin d\u00e9voil\u00e9 <img decoding=\"async\" src=\"http:\/\/s1.dmcdn.net\/o4Oq6\/x480-Enm.jpg\" alt=\"eva mendes ryan gosling rencontre\" align=\"right\">   De 2002 \u00e0 2004, il incarne des personnages tourment\u00e9s : un meurtrier s\u00fbr de lui face \u00e0 dans Murder by Numbers de puis un adolescent \u00e9nigmatique dans le de, aux c\u00f4t\u00e9s de. Ce film est pr\u00e9sent\u00e9 au et au en 2003. Il a \u00e9galement particip\u00e9 au film d, en 2002, o\u00f9 lentra\u00eene dans son \u00e9quipe de, un d\u00e9riv\u00e9 brutal du.  Eva Mendes : Son rare et tendre message damour \u00e0 Ryan Gosling-Purepeople Apr\u00e8s les annonces des couples Ryan Gosling et Eva Mendes ainsi que Blake Lively et Ryan Reynolds qui attendent c.. Ce jeudi 17 ao\u00fbt, lactrice cubaine a en effet \u00e9t\u00e9 aper\u00e7ue dans le quartier hupp\u00e9 de Los Feliz \u00e0 Los Angeles en pleine s\u00e9ance de courses. A ses c\u00f4t\u00e9s, la petite Esmeralda trottinait en prenant soin daider sa maman \u00e0 pousser son chariot.. Premi\u00e8re rencontre avec ce petit ange \u00e0 la crini\u00e8re rousse et \u00e0 la frimousse malicieuse. Et si Esmeralda a la chevelure de maman, nous sommes forc\u00e9s de constater quelle a le regard intense de son illustre papa.. So Cute! Assa Traor\u00e9 annonce avoir port\u00e9 plainte contre Marion Mar\u00e9chal <img decoding=\"async\" src=\"http:\/\/www.nzremark.tk\/wp-content\/uploads\/2018\/07\/5b438b4d80786-324x400.jpg\" alt=\"eva mendes ryan gosling rencontre\" align=\"center\"> Il est g\u00e9nial, surtout dans le film qui traitait une histoire dAlzheimer. Ryan fut nomm\u00e9 Noha. Vos th\u00e8mes favoris tous les jours dans votre bo\u00eete mail! Envie de revoir le d\u00e9but de lidylle entre Ryan Gosling et Eva Mendes? <img decoding=\"async\" src=\"http:\/\/cdn.purple.fr\/8074150b867f3453943f31416f9748ea\/static.purple.fr\/2015\/06\/Purple_alexis-dahan_ELKO20_1.jpg\/800x1160c\/Purple_alexis-dahan_ELKO20_1.jpg\" alt=\"eva mendes ryan gosling rencontre\" align=\"left\"> Ryan Gosling et Eva Mendes dans les rues de New York en 2012.<\/p>\n","protected":false},"excerpt":{"rendered":"<p>eva mendes ryan gosling rencontre<\/p>\n","protected":false},"author":1,"featured_media":0,"comment_status":"closed","ping_status":"closed","sticky":false,"template":"","format":"standard","meta":{"footnotes":""},"categories":[1],"tags":[],"_links":{"self":[{"href":"https:\/\/dig-stuttgart.de\/info\/wp-json\/wp\/v2\/posts\/6420"}],"collection":[{"href":"https:\/\/dig-stuttgart.de\/info\/wp-json\/wp\/v2\/posts"}],"about":[{"href":"https:\/\/dig-stuttgart.de\/info\/wp-json\/wp\/v2\/types\/post"}],"author":[{"embeddable":true,"href":"https:\/\/dig-stuttgart.de\/info\/wp-json\/wp\/v2\/users\/1"}],"replies":[{"embeddable":true,"href":"https:\/\/dig-stuttgart.de\/info\/wp-json\/wp\/v2\/comments?post=6420"}],"version-history":[{"count":1,"href":"https:\/\/dig-stuttgart.de\/info\/wp-json\/wp\/v2\/posts\/6420\/revisions"}],"predecessor-version":[{"id":6421,"href":"https:\/\/dig-stuttgart.de\/info\/wp-json\/wp\/v2\/posts\/6420\/revisions\/6421"}],"wp:attachment":[{"href":"https:\/\/dig-stuttgart.de\/info\/wp-json\/wp\/v2\/media?parent=6420"}],"wp:term":[{"taxonomy":"category","embeddable":true,"href":"https:\/\/dig-stuttgart.de\/info\/wp-json\/wp\/v2\/categories?post=6420"},{"taxonomy":"post_tag","embeddable":true,"href":"https:\/\/dig-stuttgart.de\/info\/wp-json\/wp\/v2\/tags?post=6420"}],"curies":[{"name":"wp","href":"https:\/\/api.w.org\/{rel}","templated":true}]}}