{"id":6422,"date":"2020-07-05T10:25:12","date_gmt":"2020-07-05T10:25:12","guid":{"rendered":"http:\/\/dig-stuttgart.de\/info\/?p=6422"},"modified":"2020-06-28T02:21:54","modified_gmt":"2020-06-28T02:21:54","slug":"rencontres-parkinson","status":"publish","type":"post","link":"https:\/\/dig-stuttgart.de\/info\/2020\/07\/05\/rencontres-parkinson\/","title":{"rendered":"Rencontres Parkinson"},"content":{"rendered":"<p>en Hashim H, Azmin S, Razlan H, Yahya NW, Tan HJ, Manaf MR, Ibrahim NM, Eradication of Helicobacter pylori infection improves levodopa action, clinical symptoms and quality of life in patients with Parkinsons disease,, vol. 9, n o 11, 2014, e112330.,,, html Un bracelet ultrasonique qui donne p\u00e9riodiquement de petites impulsions \u00e0 celui qui le porte, histoire de le rappeler \u00e0 lordre ou, en termes plus techniques, afin de surveiller une performance relative \u00e0 des t\u00e2ches assign\u00e9es. Par la suite, six rencontres th\u00e9matiques sont pr\u00e9vues une fois par mois sur des sujets sp\u00e9cifiques au c\u0153ur des probl\u00e9matiques des aidants autour de cette pathologie. <img decoding=\"async\" src=\"http:\/\/voxpopuli.tv\/fr\/images\/2013-08-Commensal.jpg\" alt=\"rencontres parkinson\" align=\"center\"> Elles seront \u00e9galement utilis\u00e9es sous r\u00e9serve des options souscrites, \u00e0 des fins de ciblage publicitaire. Votre signature, et le pseudo sous lequel vous souhaitez publier votre billet dhumeur. En effet, le patient atteint de la maladie de Parkinson \u00e9prouve alors des difficult\u00e9s \u00e0 effectuer certains mouvements, qui deviennent longs, saccad\u00e9s et rigides : on appelle \u00e7a la bradykin\u00e9sie. Il a alors de moins en moins tendance \u00e0 \u00eatre actif. La rigidit\u00e9 et la raideur atteignent le plus fr\u00e9quemment les muscles de la colonne vert\u00e9brale, la nuque ainsi que les articulations des membres. La symptomatologie est alors trompeuse : les patients touch\u00e9s par ces sympt\u00f4mes consultent un rhumatologue ou un g\u00e9n\u00e9raliste, et le m\u00e9decin ne pense pas \u00e0 faire des tests cliniques ou \u00e0 contacter un neurologue. Alors, la maladie met du temps \u00e0 \u00eatre diagnostiqu\u00e9. De plus, la maladie d\u00e9bute de nombreuses ann\u00e9es avant les premiers sympt\u00f4mes. Sa progression est \u00e0 vitesse variable dun patient \u00e0 lautre : il y a des maladies bien contr\u00f4l\u00e9es par traitement m\u00e9dicamenteux et chirurgical, et dautres plus difficiles, reconnait le professionnel.  Andrade commente sur larticle : La prise en charge des douleurs dans la maladie de Parkinson-Cet article pr\u00e9sente l\u00e9volution dun programme de r\u00e9\u00e9ducation en groupe. Les r\u00e9sultats inattendus du premier groupe nous ont amen\u00e9s \u00e0 modifier notre concept et \u00e0 d\u00e9velopper une nouvelle approche. Bien que la tendance \u00e9manant des cinq sessions r\u00e9alis\u00e9es depuis le d\u00e9but soit positive, nous ne sommes pas encore en mesure de produire des r\u00e9sultats quantifi\u00e9s sur lefficacit\u00e9 de ce programme. Il para\u00eet cependant int\u00e9ressant de d\u00e9crire le glissement de notre groupe de la pluridisciplinarit\u00e9 plusieurs professionnels interviennent, chacun dans sa sp\u00e9cialit\u00e9, au profit dun patient vers linterdisciplinarit\u00e9 ces professionnels mettent leurs comp\u00e9tences en commun vers un but commun. 1Nous pr\u00e9senterons donc ladaptation de notre action en fonction du feedback des patients. Nous proposerons \u00e9galement un changement dattitude de la part des soignants n\u00e9cessaire selon nous face aux patients parkinsoniens et plus g\u00e9n\u00e9ralement dans la gestion de la maladie chronique.  <img decoding=\"async\" src=\"http:\/\/www.info-mag-annonce.com\/journal\/upload\/sites\/2\/2017\/04\/10-1590-PARKINSON-01.jpg\" alt=\"rencontres parkinson\" align=\"right\"> Venez y d\u00e9couvrir les animations de nos partenaires selon 3 th\u00e9matiques : <img decoding=\"async\" src=\"http:\/\/www.neurodegenerationresearch.eu\/wp-content\/uploads\/2015\/05\/PPI-Board1.jpg\" alt=\"rencontres parkinson\" align=\"right\"> Identit\u00e9 et adaptation \u00e0 la maladie de Parkinson editorial Espace \u00e9thiqueIle-de-France limery commente sur larticle : T\u00e9moignages : les cauchemars parkinsoniens..-Les \u00e9chelles d\u00e9valuation ne remplacent pas un interrogatoire et un examen clinique bien men\u00e9s.  Le manoir de K\u00e9razan et son parc accueilleront Ochap\u00f4 Surprises, ce samedi 1 septembre 2018. C\u00f4t\u00e9 Quimper Une enfance dans la R\u00e9sistance au pied du Vercors : Marcel Trillat Chaque groupe comptait six \u00e0 huit patients. Les s\u00e9ances, hebdomadaires, duraient une heure ; elles \u00e9taient anim\u00e9es conjointement par un ergoth\u00e9rapeute et un physioth\u00e9rapeute qui intervenaient successivement. A Chaque professionnel apportait sa sp\u00e9cificit\u00e9 : une partie physioth\u00e9rapie constitu\u00e9e dactivit\u00e9s physiques, puis une partie ergoth\u00e9rapie qui proposait des mises en situation et pr\u00e9sentait des moyens auxiliaires et les am\u00e9nagements possibles \u00e0 domicile. Les explorations uro-dynamiques peuvent objectiver une hypoactivit\u00e9 du d\u00e9trusor, contrairement \u00e0 ce qui est observ\u00e9 dans la MPI. 6 Centre National de la Recherche Scientifique UMR7206, Mus\u00e9um National dHistoire Naturelle, Universit\u00e9 Paris Diderot, Sorbonne Paris Cit\u00e9, 75016 Paris, France. Conf\u00e9rence D\u00c9PRESSION et RISQUE SUICIDAIRE chez les a\u00een\u00e9s : Ensemble, comprendre pour agir Jutilise un ensemble de techniques qui permettent dam\u00e9liorer la conscience de soi, la gestion de ses \u00e9motions, l\u00e9quilibre \u00e9nerg\u00e9tique, le l\u00e2cher prise mental, la concentration, la coordination des gestes, l\u00e9quilibre de la posture, la libert\u00e9 respiratoire, le sens du rythme, lorientation dans lespace, laisance relationnelle, limage de son corps, lestime de soi.<\/p>\n","protected":false},"excerpt":{"rendered":"<p>rencontres parkinson<\/p>\n","protected":false},"author":1,"featured_media":0,"comment_status":"closed","ping_status":"closed","sticky":false,"template":"","format":"standard","meta":{"footnotes":""},"categories":[1],"tags":[],"_links":{"self":[{"href":"https:\/\/dig-stuttgart.de\/info\/wp-json\/wp\/v2\/posts\/6422"}],"collection":[{"href":"https:\/\/dig-stuttgart.de\/info\/wp-json\/wp\/v2\/posts"}],"about":[{"href":"https:\/\/dig-stuttgart.de\/info\/wp-json\/wp\/v2\/types\/post"}],"author":[{"embeddable":true,"href":"https:\/\/dig-stuttgart.de\/info\/wp-json\/wp\/v2\/users\/1"}],"replies":[{"embeddable":true,"href":"https:\/\/dig-stuttgart.de\/info\/wp-json\/wp\/v2\/comments?post=6422"}],"version-history":[{"count":1,"href":"https:\/\/dig-stuttgart.de\/info\/wp-json\/wp\/v2\/posts\/6422\/revisions"}],"predecessor-version":[{"id":6423,"href":"https:\/\/dig-stuttgart.de\/info\/wp-json\/wp\/v2\/posts\/6422\/revisions\/6423"}],"wp:attachment":[{"href":"https:\/\/dig-stuttgart.de\/info\/wp-json\/wp\/v2\/media?parent=6422"}],"wp:term":[{"taxonomy":"category","embeddable":true,"href":"https:\/\/dig-stuttgart.de\/info\/wp-json\/wp\/v2\/categories?post=6422"},{"taxonomy":"post_tag","embeddable":true,"href":"https:\/\/dig-stuttgart.de\/info\/wp-json\/wp\/v2\/tags?post=6422"}],"curies":[{"name":"wp","href":"https:\/\/api.w.org\/{rel}","templated":true}]}}