{"id":6432,"date":"2020-07-05T03:43:02","date_gmt":"2020-07-05T03:43:02","guid":{"rendered":"http:\/\/dig-stuttgart.de\/info\/?p=6432"},"modified":"2020-06-28T02:29:12","modified_gmt":"2020-06-28T02:29:12","slug":"rencontre-jeunes-mamans-lille","status":"publish","type":"post","link":"https:\/\/dig-stuttgart.de\/info\/2020\/07\/05\/rencontre-jeunes-mamans-lille\/","title":{"rendered":"Rencontre Jeunes Mamans Lille"},"content":{"rendered":"<p>Mouvement d\u00e9ducation populaire qui rassemble des enfants de 6 \u00e0 15 ans quels que soient leur culture, leur milieu social, leur religion. Perrine \u00e9tait inqui\u00e8te du retour aux sources : Cest la peur du retour en arri\u00e8re. J\u00e9tais partie de Lille jeune adulte en me disant, adieu la province, je vais m\u00e9clater \u00e0 Paris. Mais au final jai renou\u00e9 avec ma famille. Je me suis retrouv\u00e9e chez moi. Je me suis rendue compte que javais des racines et que jy tenais \u00e9norm\u00e9ment.  je ne sais pas comment faire pour te communiquer de fa\u00e7on priv\u00e9e mon t\u00e9l ou adresse mail? DUNKERQUE Vie religieuse Congr\u00e9gation religieuse Professeur dinitiation musicale P\u00e9dagogie Ja\u00ebll et Montessori et animatrice de chant pr\u00e9natal Limpact du port des chaussettes sur la libido.. <img decoding=\"async\" src=\"http:\/\/lescachotteriesdelille.com\/wp-content\/uploads\/2015\/07\/teasercach.jpg\" alt=\"rencontre jeunes mamans lille\" align=\"right\"> je recherche des personnes pour partager des sorties faire les boutiques aller au cin\u00e9ma boire des verres je r\u00e9side \u00e0 la campagne jai le permis mais jai beau rouler o\u00f9 sont les gens?? Mirta Fontora, une fillette de 10 ans de Del Viso, a donn\u00e9 le jour par c\u00e9sarienne, en 1971, dans un h\u00f4pital de, \u00e0 un fils de 6,5 lb 2,95 kg. Doyenn\u00e9 des paroisses des quartiers de la ville de Lille Burnout is a state of physical, mental and emotional fatigue resulting from the constant stress of work. It can affect all working people regardless of their socio-professional category and age. In fact, more and more students and teenagers Le taux de grossesses chez les moins de 20 ans est, dapr\u00e8s l OMS, 18 en 19,2 au Mexique en 2011, sachant que l poss\u00e8de un pourcentage plus \u00e9lev\u00e9 encore de ces grossesses sous 20 ans. <img decoding=\"async\" src=\"http:\/\/www.minelli.fr\/media-589\/catalog\/product\/cache\/1\/small_image\/224x280\/9df78eab33525d08d6e5fb8d27136e95\/b\/A\/petits-sacs-serena-3_synthetique__minelli-83a5a19e2fd53389148083428f5cd347-a.jpg\" alt=\"rencontre jeunes mamans lille\" align=\"right\"> Cin\u00e9ma Voyages Repas entre amis jeux video jopping Arts Animaux Bateau natation, football, tennis de table, handball. Tr\u00e8s belle exp\u00e9rience de seance photo avec H\u00e9l\u00e8ne! Elle a fait preuve de beaucoup de bienveillance et douceur avec notre b\u00e9b\u00e9 de 3 mois et aussi avec nous, ses parents. Pendant la s\u00e9ance nous \u00e9tions \u00e0 laise et il y avait une super ambiance. Au final les photos sont tellement belles quon en a pris en plus! Nh\u00e9sitez pas si vous avez envie dimmortaliser un moment en couple ou en famille : H\u00e9l\u00e8ne est la photographe quil vous faut! Galadriel et Fran\u00e7ois Jeunes parents <img decoding=\"async\" src=\"http:\/\/www.five.hostelgeneration.com\/sites\/default\/files\/thumbnails\/image\/slff16_histoire_de_lafrique_une_langue_en_copropriete_0.jpg\" alt=\"rencontre jeunes mamans lille\" align=\"left\">   En 1968, Marie-H\u00e9l\u00e8ne Mathieu a souhait\u00e9 r\u00e9unir sous ce nom diff\u00e9rentes associations ayant pour projet de cr\u00e9er ou ayant fond\u00e9 des lieux de vie pour personnes handicap\u00e9es mentales. Nos ing\u00e9nieurs ont du talent-Portrait de Caroline D\u00e9tr\u00e9 1999 5 000 collaborateurs aident chaque jour \u00e0 la prise en charge des jeunes en difficult\u00e9s et \u00e0 lutter contre l\u00e9chec scolaire. Ils contribuent \u00e0 leur construire un projet de vie avec un parcours personnalis\u00e9. Ce soutien aux jeunes en difficult\u00e9 et aux enfants d\u00e9scolaris\u00e9s permet de d\u00e9couvrir le potentiel et le talent de chacun dentre eux. Pour soutenir notre association daide \u00e0 lenfance nh\u00e9sitez pas \u00e0 faire un don \u00e0 notre fondation. Rencontrer dautres mamans est dune importance particuli\u00e8re surtout pour les m\u00e8res c\u00e9libataires qui souffrent souvent disolement. Hors, il est important que lenfant voie dautres enfants et que lenfant ne soit pas un facteur de solitude. Mais ou rencontrer dautres mamans? Voici quelques lieux de rencontres entre mamans et quelques solutions faciles et pas ch\u00e8res pour sortir de la solitude : Lieux de rencontres entre mamans: Les maisons vertes. Ensemble, soulager toutes les formes de souffrance ou de mis\u00e8re Dipl\u00f4m\u00e9e de l\u00e9cole ATMAN \u00e0 Sophia Antipolis, \u00e9cole agr\u00e9\u00e9e et reconnue par l\u00e9tat, jai suivi un cursus de 6 ans durant lequel jai \u00e9t\u00e9 form\u00e9e \u00e0 une ost\u00e9opathie musculo-squelettique, visc\u00e9rale et cr\u00e2nienne. Bonjours apr\u00e8s avoir passer toute une ann\u00e9e a Madrid je recherche des amis pour passer des moments, faire des nouvelles rencontres et tout \u00e7a dans la bonne humeur. LOCH est au service des personnes malades, handicap\u00e9es, de leurs familles et de leurs amis Jai longtemps voulu e\u0302tre professeur des e\u0301coles. Jai donc fait une licence de lettres modernes puis un master de sciences de le\u0301ducation avant denseigner pendant quatre ans. Je me suis marie\u0301e il y a quatre ans et nous avons aujourdhui deux enfants: Edgar qui va avoir trois ans et Ze\u0301lie qui a quatorze mois.<\/p>\n","protected":false},"excerpt":{"rendered":"<p>rencontre jeunes mamans lille<\/p>\n","protected":false},"author":1,"featured_media":0,"comment_status":"closed","ping_status":"closed","sticky":false,"template":"","format":"standard","meta":{"footnotes":""},"categories":[1],"tags":[],"_links":{"self":[{"href":"https:\/\/dig-stuttgart.de\/info\/wp-json\/wp\/v2\/posts\/6432"}],"collection":[{"href":"https:\/\/dig-stuttgart.de\/info\/wp-json\/wp\/v2\/posts"}],"about":[{"href":"https:\/\/dig-stuttgart.de\/info\/wp-json\/wp\/v2\/types\/post"}],"author":[{"embeddable":true,"href":"https:\/\/dig-stuttgart.de\/info\/wp-json\/wp\/v2\/users\/1"}],"replies":[{"embeddable":true,"href":"https:\/\/dig-stuttgart.de\/info\/wp-json\/wp\/v2\/comments?post=6432"}],"version-history":[{"count":1,"href":"https:\/\/dig-stuttgart.de\/info\/wp-json\/wp\/v2\/posts\/6432\/revisions"}],"predecessor-version":[{"id":6433,"href":"https:\/\/dig-stuttgart.de\/info\/wp-json\/wp\/v2\/posts\/6432\/revisions\/6433"}],"wp:attachment":[{"href":"https:\/\/dig-stuttgart.de\/info\/wp-json\/wp\/v2\/media?parent=6432"}],"wp:term":[{"taxonomy":"category","embeddable":true,"href":"https:\/\/dig-stuttgart.de\/info\/wp-json\/wp\/v2\/categories?post=6432"},{"taxonomy":"post_tag","embeddable":true,"href":"https:\/\/dig-stuttgart.de\/info\/wp-json\/wp\/v2\/tags?post=6432"}],"curies":[{"name":"wp","href":"https:\/\/api.w.org\/{rel}","templated":true}]}}