{"id":6444,"date":"2020-07-05T02:02:55","date_gmt":"2020-07-05T02:02:55","guid":{"rendered":"http:\/\/dig-stuttgart.de\/info\/?p=6444"},"modified":"2020-06-28T02:34:02","modified_gmt":"2020-06-28T02:34:02","slug":"quand-le-cirque-rencontre-la-danse","status":"publish","type":"post","link":"https:\/\/dig-stuttgart.de\/info\/2020\/07\/05\/quand-le-cirque-rencontre-la-danse\/","title":{"rendered":"Quand Le Cirque Rencontre La Danse"},"content":{"rendered":"<p>8 : pour une balade en famille au grand air, direction Champ\u00e9ry! D\u00e8s 0 an Jusquau 13 juin 2020 pour f\u00eater ses 5 ans le FestiValEvent : concours dhumoristes.. Mutzig La Salle Le Bournot cl\u00f4ture sa saison avec un nouveau rendez-vous d\u00e9di\u00e9 aux Arts de la rue, sur 2 jours et en entr\u00e9e libre : final..  Si nos portes restent ferm\u00e9es au public, lactivit\u00e9 de la MC2 continue n\u00e9anmoins. Soyez assur\u00e9s que nous sommes tous au travail afin de vous pr\u00e9parer la plus belle des saisons 2020-2021 et nh\u00e9sitez pas \u00e0 suivre notre actualit\u00e9 sur les diff\u00e9rents r\u00e9seaux sociaux : Facebook, Instagram, Twitter Et bien d\u00e9cid\u00e9ment non : la crise que nous traversons na pas de vertu. Nous nous serions volontiers pass\u00e9s de cet arr\u00eat plus paralysant que productif. Qui peut croire que nous avions besoin de cette punition pour nous interroger sur notre n\u00e9cessit\u00e9. Indispensables nous le sommes et en sommes persuad\u00e9s, sinon nous ne nous battrions pas pouce \u00e0 pouce pour d\u00e9fendre notre croyance : celle que la vie peut \u00eatre chang\u00e9e par cette chose miraculeuse et archa\u00efque qui sappelle le th\u00e9\u00e2tre ; je pourrais tout aussi bien dire lArt, je parle de th\u00e9\u00e2tre car cest la voie collective qui ma \u00e9blouie. , L\u00e9on Li, notes de mise en sc\u00e8ne, 2007. Cirque Radio Circus, Cirque-Zoo Jean Richard, Grand Cirque de France Vivant <img decoding=\"async\" src=\"http:\/\/www.correspondanse.com\/photos20132014\/Passioncroisees\/GUEM%201.jpg\" alt=\"quand le cirque rencontre la danse\" align=\"right\"> \u00c0 noter: Lusage de ces installations nest possible que dans le cadre des activit\u00e9s des associations sportives. Le 22 juin 2018-Daniel Brignon-Pavel Hejny-Losers cirque company, quand la danse rencontre lacrobatie ou Carniv\u00e0le, la s\u00e9rie t\u00e9l\u00e9vis\u00e9e en deux saisons produite par. Jusquau 12 juin 2020 En grec surtitr\u00e9 en fran\u00e7ais Premi\u00e8re fran\u00e7aise.. Strasbourg Gilles Ascaride, Serge Valetti, G\u00e9rard Andr\u00e9ani et pas tr\u00e8s loin, Philippe Caub\u00e8re, entre Marseille et Avignon, du th\u00e9\u00e2tre des Carmes.. Baillon, Sylvie, Aucassin et Nicolette. Cahier de mise en sc\u00e8ne, notes de dramaturgie, de sc\u00e9nographie, notes de r\u00e9p\u00e9tition, 1987.  <img decoding=\"async\" src=\"http:\/\/www.fmgerard.be\/vie\/chanteurs\/ruiz\/ruiz_DVD.JPG\" alt=\"quand le cirque rencontre la danse\" align=\"right\"> <img decoding=\"async\" src=\"http:\/\/voyagesenduo.com\/italie\/images\/rome\/rome_antique_image1120.jpg\" alt=\"quand le cirque rencontre la danse\" align=\"right\"> Doctorants D\u00e9poser ma th\u00e8se \u00e0 lUniversit\u00e9 Sorbonne Paris Nord 23 juin 2020 10h-11h30 A DISTANCE D\u00e9couvrez une interview et un extrait des repr\u00e9sentations de M\u00f6bius.<\/p>\n","protected":false},"excerpt":{"rendered":"<p>quand le cirque rencontre la danse<\/p>\n","protected":false},"author":1,"featured_media":0,"comment_status":"closed","ping_status":"closed","sticky":false,"template":"","format":"standard","meta":{"footnotes":""},"categories":[1],"tags":[],"_links":{"self":[{"href":"https:\/\/dig-stuttgart.de\/info\/wp-json\/wp\/v2\/posts\/6444"}],"collection":[{"href":"https:\/\/dig-stuttgart.de\/info\/wp-json\/wp\/v2\/posts"}],"about":[{"href":"https:\/\/dig-stuttgart.de\/info\/wp-json\/wp\/v2\/types\/post"}],"author":[{"embeddable":true,"href":"https:\/\/dig-stuttgart.de\/info\/wp-json\/wp\/v2\/users\/1"}],"replies":[{"embeddable":true,"href":"https:\/\/dig-stuttgart.de\/info\/wp-json\/wp\/v2\/comments?post=6444"}],"version-history":[{"count":1,"href":"https:\/\/dig-stuttgart.de\/info\/wp-json\/wp\/v2\/posts\/6444\/revisions"}],"predecessor-version":[{"id":6445,"href":"https:\/\/dig-stuttgart.de\/info\/wp-json\/wp\/v2\/posts\/6444\/revisions\/6445"}],"wp:attachment":[{"href":"https:\/\/dig-stuttgart.de\/info\/wp-json\/wp\/v2\/media?parent=6444"}],"wp:term":[{"taxonomy":"category","embeddable":true,"href":"https:\/\/dig-stuttgart.de\/info\/wp-json\/wp\/v2\/categories?post=6444"},{"taxonomy":"post_tag","embeddable":true,"href":"https:\/\/dig-stuttgart.de\/info\/wp-json\/wp\/v2\/tags?post=6444"}],"curies":[{"name":"wp","href":"https:\/\/api.w.org\/{rel}","templated":true}]}}