{"id":6446,"date":"2020-07-05T03:28:07","date_gmt":"2020-07-05T03:28:07","guid":{"rendered":"http:\/\/dig-stuttgart.de\/info\/?p=6446"},"modified":"2020-06-28T02:36:03","modified_gmt":"2020-06-28T02:36:03","slug":"rencontre-aide-soignante","status":"publish","type":"post","link":"https:\/\/dig-stuttgart.de\/info\/2020\/07\/05\/rencontre-aide-soignante\/","title":{"rendered":"Rencontre Aide Soignante"},"content":{"rendered":"<p>Je suis un homme simple sinc\u00e8re gentil fid\u00e8le amoureux et compreensible jaime pas la violence conjugale les monteurs et trahison moi bois pas Alcool et fume pas jaime vraiment beaucoup les enfants et les animaux je suis je cherche une femme pour une relation am..  82Les infirmi\u00e8res lib\u00e9rales qui ont des patients en commun avec les aides-soignantes du SSIAD sont convi\u00e9es aux r\u00e9unions organis\u00e9es par ses infirmi\u00e8res coordinatrices. Ces r\u00e9unions ont pour objet de faire le point sur l\u00e9tat des patients \u00e2g\u00e9s. La majorit\u00e9 des aides-soignantes rencontr\u00e9es consid\u00e8rent ces r\u00e9unions comme un bon moyen pour se rapprocher entre professionnels de niveaux techniques diff\u00e9rents. Dans cette optique, lune dentre elle souligne : 18:00-19:00 POLITIQUES PUBLIQUES : NOUVELLES ALTERNATIVES EN FAVEUR DU MAINTIEN DE LAUTONOMIE, DE LA FORMATION, DE LEMPLOI ET DE LATTRACTIVITE DES METIERS 19 juin : journ\u00e9e mondiale de lutte contre la dr\u00e9panocytose c est normal plus de motivation 10 ans que j \u00e9cume les EHPAD comme aide soignante en contractuelle je voudrai \u00eatre stable pour pouvoir construire me vie jenvisage peut-\u00eatre de tout arr\u00eater IFSO, organisme enregistr\u00e9 favorablement par lANDPC Elle a tr\u00e8s bien cibl\u00e9, lenvironnement qui r\u00e8gne en structure, <img decoding=\"async\" src=\"http:\/\/lettredepreavis.org\/wp-content\/uploads\/2016\/12\/modele-cv-aide-soignante-big_exemple-cv-design-jaune.jpg\" alt=\"rencontre aide soignante\" align=\"right\"> Les principaux risques professionnels en maison de retraite-2 patients branch\u00e9s sur des pompes avec lunettes doxyg\u00e8ne et sondes, bref remplis de fils!! Blanchard, Herv\u00e9, et Eliane Le Dantec, ed. La vieillesse des uns et le travail des autres : Les enjeux contemporains dune rencontre s\u00e9culaire. Perpignan : Presses universitaires de Perpignan, 2008 Web. Http:books.openedition.orgpupvd658. Comment avez-vous \u00e9t\u00e9 accueilli sur place par les \u00e9quipes dIle de France? Cest une exp\u00e9rience unique! On partage nos connaissances on apprend les uns des autres, on s\u00e9paule et on avance ensemble dans le m\u00eame sens pour le m\u00eame but. Odeurs des produits biologiques selles, urines, vomissures, sang, odeur des d\u00e9sinfectants  <img decoding=\"async\" src=\"http:\/\/leblog.adeccomedical.fr\/wp-content\/uploads\/2015\/06\/SoSkuld_LaDouche.jpg\" alt=\"rencontre aide soignante\" align=\"center\"> installation avec mise \u00e0 disposition des objets indispensables pour les repas, les activit\u00e9s diverses l\u00e9tablissement dh\u00e9bergement pour personnes \u00e2g\u00e9es d\u00e9pendantes de Bry-sur-Marne Val-de-Marne. Quand aides-soignantes et infirmi\u00e8res lui ont fait part de leurs conditions de travail difficiles, du manque de personnel et de limpossibilit\u00e9 physique et psychologique de Ce fut une intervention b\u00e9n\u00e9fique \u00e0 la fois pour les \u00e9l\u00e8ves mais \u00e9galement pour les enseignants qui ont pu obtenir des informations sur les nouveaux modes de s\u00e9lection et \u00e9changer sur les \u00e9volutions r\u00e9centes des m\u00e9tiers dAide-Soignante et dinfirmi\u00e8re. Oui cest vrai notre quotidien chaque jour mais personne nous reconna\u00eet dans ce m\u00e9tier. Cest de la maltraitance pure <img decoding=\"async\" src=\"http:\/\/colorart.biz\/imags\/2018-01\/33296648771_dossier-inscription-concours-aide-soignante-ap-hp.jpg\" alt=\"rencontre aide soignante\" align=\"center\"> Pour r\u00e9pondre \u00e0 lex par rapport aux chefs d entreprise. Je trouve que justement un ex \u00e9ducateur ou IDE aura au moins le m\u00e9rite de mieux consid\u00e9rer l humain contrairement \u00e0 ceux qui font du droit ou du management et qui se comportent comme s ils dirigeaient un commerce.  Je souhaite alerter la r\u00e9daction sur cette r\u00e9action.<\/p>\n","protected":false},"excerpt":{"rendered":"<p>rencontre aide soignante<\/p>\n","protected":false},"author":1,"featured_media":0,"comment_status":"closed","ping_status":"closed","sticky":false,"template":"","format":"standard","meta":{"footnotes":""},"categories":[1],"tags":[],"_links":{"self":[{"href":"https:\/\/dig-stuttgart.de\/info\/wp-json\/wp\/v2\/posts\/6446"}],"collection":[{"href":"https:\/\/dig-stuttgart.de\/info\/wp-json\/wp\/v2\/posts"}],"about":[{"href":"https:\/\/dig-stuttgart.de\/info\/wp-json\/wp\/v2\/types\/post"}],"author":[{"embeddable":true,"href":"https:\/\/dig-stuttgart.de\/info\/wp-json\/wp\/v2\/users\/1"}],"replies":[{"embeddable":true,"href":"https:\/\/dig-stuttgart.de\/info\/wp-json\/wp\/v2\/comments?post=6446"}],"version-history":[{"count":1,"href":"https:\/\/dig-stuttgart.de\/info\/wp-json\/wp\/v2\/posts\/6446\/revisions"}],"predecessor-version":[{"id":6447,"href":"https:\/\/dig-stuttgart.de\/info\/wp-json\/wp\/v2\/posts\/6446\/revisions\/6447"}],"wp:attachment":[{"href":"https:\/\/dig-stuttgart.de\/info\/wp-json\/wp\/v2\/media?parent=6446"}],"wp:term":[{"taxonomy":"category","embeddable":true,"href":"https:\/\/dig-stuttgart.de\/info\/wp-json\/wp\/v2\/categories?post=6446"},{"taxonomy":"post_tag","embeddable":true,"href":"https:\/\/dig-stuttgart.de\/info\/wp-json\/wp\/v2\/tags?post=6446"}],"curies":[{"name":"wp","href":"https:\/\/api.w.org\/{rel}","templated":true}]}}