{"id":6450,"date":"2020-07-05T12:39:43","date_gmt":"2020-07-05T12:39:43","guid":{"rendered":"http:\/\/dig-stuttgart.de\/info\/?p=6450"},"modified":"2020-06-28T02:37:24","modified_gmt":"2020-06-28T02:37:24","slug":"meurtres-prostituees-vancouver","status":"publish","type":"post","link":"https:\/\/dig-stuttgart.de\/info\/2020\/07\/05\/meurtres-prostituees-vancouver\/","title":{"rendered":"Meurtres Prostitu\u00e9es Vancouver"},"content":{"rendered":"<p>La sortie de la console de jeux PlayStation 3, les rues du quartier Downtown Eastside, \u00e0 Vancouver, Un bel \u00e9t\u00e9 lyrique en perspective. Des d\u00e9tails concernant la programmation lyrique de tous ces festivals et \u00e9v\u00e8nements suivront sous peu. Il dirigera ensuite le m\u00eame orchestre dans une version concertante de Tosca au Festival Bravo de Vail au Colorado les 11 et 13 juillet. La mezzo-soprano Julie Boulianne participer au Festival de Glyndebourne en incarnant Marguerite dans une nouvelle production de La Damnation de Faust de Berlioz les 22 et 27 juin ainsi que les 5 et 10 juillet, pour ensuite incarner Siebel dans Faust de Gounod lors de la tourn\u00e9e japonaise du Royal Opera House du 12 au 18 septembre La soprano Florie Valiquette sera Sophie dans Werther de Massenet au Th\u00e9\u00e2tre du Capitole de Toulouse dont les prochaines repr\u00e9sentations sont pr\u00e9vues pour les 23, 25, 29 et 30 juin ainsi que le 2 juilletpour ensuite chanter le Stabat Mater de Haydn \u00e0 Montpellier le 14 juillet Le baryton se produira en r\u00e9cital aux c\u00f4t\u00e9s de Nicole Car et Jayson Gillham \u00e0 Sydney et Melbourne les 3 et 6 ao\u00fbt Sous la direction de Mathieu LussierJacques-Olivier Chartier chantera des psaumes de Telemann au Festival international de musique baroque de Lam\u00e8que au Nouveau-Brunswick le 27 juillet La soprano Florie Valiquette sera Sophie dans Werther de Massenet au Th\u00e9\u00e2tre du Capitole de Toulouse dont les prochaines repr\u00e9sentations sont pr\u00e9vues pour les 23, 25, 29 et 30 juin ainsi que le 2 juillet Pour des informations d\u00e9taill\u00e9es sur les distributions, vous pouvez pouvez cliquer ici. <img decoding=\"async\" src=\"http:\/\/www.kinncaids.gq\/42105-home_default\/top-billabong-timeless--black.jpg\" alt=\"meurtres prostitu\u00e9es vancouver\" align=\"right\"> Plus dune centaine de personnes ont t\u00e9moign\u00e9 contre lui et il a \u00e9t\u00e9 condamn\u00e9 \u00e0 \u00eatre pendu. Le juge a d\u00e9clar\u00e9 : Vous serez \u00e9trangl\u00e9 jusqu\u00e0 ce que mort sensuive devant les parents des enfants que vous avez tu\u00e9s. Votre corps sera ensuite d\u00e9coup\u00e9 en 100 morceaux et plac\u00e9 dans lacide, comme vous lavez fait avec ces enfants. Plut\u00f4t que de subir ce jugement, Iqbal et lun de ses complices se sont suicid\u00e9s en prison, en octobre 2001. Luis Garavito La b\u00eate bureau, et Liz marque une pause. Quinze ans que je suis ici, au d\u00e9but je pleurais tous les En comparant les suspects \u00e0 une liste de plus de 850 membres et relations proches de gangs de rue actifs au Qu\u00e9bec 38, on peut constater que les individus en lien avec les gangs de rue repr\u00e9sentent 22,8 de tous les suspects recens\u00e9s. Les seules larmes que Gary Ridgway versa le furent pour sapitoyer sur sa capture et sur son propre sort. Jamais il ne regretta la mort dune victime. \u00c0 ce que lon fasse quelque chose pour limite r les dommages et ne pas se contenter du statu quo. Il est pr\u00e9sent\u00e9 \u00e0 labri dune cage en verre aux vitres pare-balles. Son proc\u00e8s pourrait durer un an, peut-\u00eatre deux. De grossi\u00e8re n\u00e9gligence dans une poursuite civile ult\u00e9rieure.  Rudy Gobert 2 fois D\u00e9fenseur de lann\u00e9e, 3 fois All-Defensive Team, All-Star en 2020, 3\u00e8me rebondeur et 5\u00e8me contreur de lhistoire du Jazz 42, 226 voix Distribution Alexandre Barrette Liens. Langue Fran\u00e7ais Synopsis Une spectaculaire aventure se d\u00e9roulant en Europe, il y a vingt mille ans lors de la derni\u00e8re \u00e8re glaci\u00e8re. Et de E ll en Fr ee Pickton a le te int basan\u00e9.. <img decoding=\"async\" src=\"http:\/\/static.webshopapp.com\/shops\/039401\/files\/100080869\/kit-de-protection-moteur-triumph-speed-triple-1050.jpg\" alt=\"meurtres prostitu\u00e9es vancouver\" align=\"right\"> A la veille de la Journ\u00e9e des droits de la femme, mercredi 7 mars 2018, une commission d\u00e9partementale de lutte contre la prostitution, le prox\u00e9n\u00e9tisme et la traite des \u00eatres humains \u00e0 des fins dexploitation sexuelle sest install\u00e9e \u00e0 la pr\u00e9fecture du Doubs \u00e0 Besan\u00e7on. Dans quels buts? Comment compte-t-elle en finir avec le plus vieux m\u00e9tier du monde? Partie sur de meilleures bases, lenqu\u00eate permit d\u00e9liminer plusieurs suspects. Robert William Willie Pickton, n\u00e9 en 1949, grandit \u00e0 la ferme porcine familiale \u00e0 en. Ses fr\u00e8res, ses s\u0153urs et lui c\u00e8dent la majorit\u00e9 de leur terrain \u00e0 des promoteurs immobiliers, ne conservant quune ferme de 6,5 ha. Il re\u00e7oit sa part du produit de ces transactions immobili\u00e8res et sassocie avec son fr\u00e8re David dans une entreprise de sauvetage, tout en conservant une petite activit\u00e9 d\u00e9levage \u00e0 la ferme. Socialement plut\u00f4t inadapt\u00e9, il adopte parfois d\u00e9tranges comportements. Il vit seul dans une caravane install\u00e9e sur le terrain de lexploitation.   Barnett, Laura, 2011. La traite des personnes, Biblioth\u00e8que du parlement, Publication 2011-59-F, mars 2011. Bien que la transaction initiale soit volontaire, le migrant est \u00e0 risque de tomber dans une situation de traite de personnes une fois entr\u00e9 dans le pays 7. Dans cette situation, le consentement initial de la victime \u00e0 traverser la fronti\u00e8re nest pas un moyen de d\u00e9fense pour les suspects accus\u00e9s de traite de personnes. On na qu\u00e0 penser \u00e0 matricule 728, St\u00e9phanie Trudeau, et \u00e0 comment elle traite les gens quelle juge inf\u00e9rieurs, exprimant tout haut un courant de pens\u00e9e qui mine la rigueur, le jugement et lhonn\u00eatet\u00e9 du SPVM. Le SPVM naurait rien fait sans la diffusion de lagression et la grogne de la population. Des innocents auraient pay\u00e9 pour les bavures des policiers impliqu\u00e9s. Apr\u00e8s dans le genre marrant, il y a aussi Jeffrey Dahmer, il tuait et demembrait des jeunes hommes avant il les avait viol\u00e9 et inject\u00e9 de leau chaude dans le cerveau pensant les rendres serviles, puis Ted Bundy, aussi est sympa dans son style,Aileen Wuornos aussi, puis Richard Ramirez et son copycat ainsi que, Albert Fish comme cit\u00e9 plus haut <img decoding=\"async\" src=\"http:\/\/brolineh.cf\/wp-content\/uploads\/2018\/04\/JEMA_MOF_2018_DSC_0961.jpg\" alt=\"meurtres prostitu\u00e9es vancouver\" align=\"right\">.<\/p>\n","protected":false},"excerpt":{"rendered":"<p>meurtres prostitu\u00e9es vancouver<\/p>\n","protected":false},"author":1,"featured_media":0,"comment_status":"closed","ping_status":"closed","sticky":false,"template":"","format":"standard","meta":{"footnotes":""},"categories":[1],"tags":[],"_links":{"self":[{"href":"https:\/\/dig-stuttgart.de\/info\/wp-json\/wp\/v2\/posts\/6450"}],"collection":[{"href":"https:\/\/dig-stuttgart.de\/info\/wp-json\/wp\/v2\/posts"}],"about":[{"href":"https:\/\/dig-stuttgart.de\/info\/wp-json\/wp\/v2\/types\/post"}],"author":[{"embeddable":true,"href":"https:\/\/dig-stuttgart.de\/info\/wp-json\/wp\/v2\/users\/1"}],"replies":[{"embeddable":true,"href":"https:\/\/dig-stuttgart.de\/info\/wp-json\/wp\/v2\/comments?post=6450"}],"version-history":[{"count":1,"href":"https:\/\/dig-stuttgart.de\/info\/wp-json\/wp\/v2\/posts\/6450\/revisions"}],"predecessor-version":[{"id":6451,"href":"https:\/\/dig-stuttgart.de\/info\/wp-json\/wp\/v2\/posts\/6450\/revisions\/6451"}],"wp:attachment":[{"href":"https:\/\/dig-stuttgart.de\/info\/wp-json\/wp\/v2\/media?parent=6450"}],"wp:term":[{"taxonomy":"category","embeddable":true,"href":"https:\/\/dig-stuttgart.de\/info\/wp-json\/wp\/v2\/categories?post=6450"},{"taxonomy":"post_tag","embeddable":true,"href":"https:\/\/dig-stuttgart.de\/info\/wp-json\/wp\/v2\/tags?post=6450"}],"curies":[{"name":"wp","href":"https:\/\/api.w.org\/{rel}","templated":true}]}}