{"id":6452,"date":"2020-07-05T23:17:45","date_gmt":"2020-07-05T23:17:45","guid":{"rendered":"http:\/\/dig-stuttgart.de\/info\/?p=6452"},"modified":"2020-06-28T02:39:36","modified_gmt":"2020-06-28T02:39:36","slug":"prostituees-sur-calais","status":"publish","type":"post","link":"https:\/\/dig-stuttgart.de\/info\/2020\/07\/05\/prostituees-sur-calais\/","title":{"rendered":"Prostituees Sur Calais"},"content":{"rendered":"<p> <img decoding=\"async\" src=\"http:\/\/cdn.lionard.com\/files\/907\/foto\/castello-oliveto.jpg\" alt=\"prostituees sur calais\" align=\"center\"> Entre deux mondes 2018, roman de Olivier Norek, Pocket, collection Thriller  Soutenez le journalisme dinvestigation et une r\u00e9daction ind\u00e9pendante. <img decoding=\"async\" src=\"http:\/\/www.apoptjotic.cf\/uploads\/images\/33897367-2045667865674288-5983705598783389696-n.jpeg\" alt=\"prostituees sur calais\" align=\"right\">, sur Nord Littoral consult\u00e9 le 30 novembre 2015. Sur appel du minist\u00e8re de lint\u00e9rieur, le juge des r\u00e9f\u00e9r\u00e9s du Conseil dEtat a rendu, le 23 novembre 2015, une ordonnance confirmant en tous points celle du tribunal administratif de Lille 15 et donc les injonctions visant \u00e0 am\u00e9liorer concr\u00e8tement les conditions de vie, la s\u00e9curit\u00e9 ou la salubrit\u00e9 du bidonville, ainsi que la protection effective des mineurs isol\u00e9s 7. A partir de novembre 2015, les exil\u00e9s ont \u00e9t\u00e9 encourag\u00e9s par les pouvoirs publics \u00e0 int\u00e9grer des centres daccueil et dorientation CAO, lieux de r\u00e9pit temporaires implant\u00e9s sur lensemble du territoire fran\u00e7ais. Ces nouvelles structures sont destin\u00e9es \u00e0 permettre aux int\u00e9ress\u00e9s d\u00eatre pleinement inform\u00e9s de leurs droits et de b\u00e9n\u00e9ficier dun accompagnement administratif et juridique dans le cadre du d\u00e9p\u00f4t dune demande dasile avant dint\u00e9grer un dispositif dh\u00e9bergement adapt\u00e9 CADA, ATSA, HUDA 16. Une note conjointe du ministre de lint\u00e9rieur et de la ministre du logement relative \u00e0 la mise en \u0153uvre du programme europ\u00e9en de relocalisation, en date du 9 novembre 2015 17, a enjoint aux pr\u00e9fets de trouver des locaux disponibles pouvant h\u00e9berger des CAO et de mener \u00e0 terme les proc\u00e9dures de transfert en application du r\u00e8glement Dublin III. Une seconde note conjointe du 7 d\u00e9cembre 2015 limitait la dur\u00e9e du s\u00e9jour en CAO \u00e0 la p\u00e9riode hivernale tout en demandant aux pr\u00e9fets : Les deux premiers points de ce second volet ne sont pas en cause : la p\u00e9nalisation de la traite des personnes ne peut qu\u00eatre encourag\u00e9e, \u00e0 condition quelle ne soit pas confondue avec lexercice m\u00eame de la prostitution, et la suppression du d\u00e9lit de racolage ne peut qu\u00eatre salu\u00e9e, tant les effets de cette r\u00e9pression sur la sant\u00e9 et la s\u00e9curit\u00e9 physique des personnes qui se prostituent sont n\u00e9fastes. O MODIFICATION DES RENTREES SCOLAIRES Chers parents, Depuis lannonce de la r\u00e9ouverture des..  Nous retrouvons Eva qui vient se joindre \u00e0 nous. Nous reprenons la discussion de ce matin. Elle \u00e9voque ses entretiens avec des \u00c9gyptiens qui lui ont racont\u00e9 quils nont pas syst\u00e9matiquement pay\u00e9 des passeurs. Elle ny croit pas. Pas plus que les prix des passages dont ils parlent, quelques centaines deuros. Selon elle, ils se r\u00e9inventent une histoire possible. Elle nous parle de la dette que certains ont du contracter pour pouvoir partir. Du coup, ils ne disent pas la v\u00e9rit\u00e9 \u00e0 leurs familles sur ce quils vivent \u00e0 Calais et pr\u00e9f\u00e8rent envoyer des photos o\u00f9 ils posent devant de grosses voitures, sur FIGARO, 12 janvier 2018 consult\u00e9 le 14 janvier 2018 Https:cdnfr1.img.sputniknews.comimg102849141028491424_0:132:4800:2832_1200x675_80_0_0_1075798d28db17213e9afcde886d81ad.jpg.webp, sur France 3 Nord Pas-de-Calais consult\u00e9 le 29 novembre 2015. Exposition Nos couleurs de la solidarit\u00e9 du 30 novembre au 15 d\u00e9cembre 2013 Chez Violette \u00e0 Lille Exposition de photographies de latelier de body painting s\u00e9rosolidaire Femmes et VIH du 1er d\u00e9cembre 2012. Le Planning Familial, la commission sant\u00e9 Femmes du Jen Suis Jy Reste centre LGBTQIF, AIDES et une vingtaine de femmes s\u00e9ropositives et s\u00e9rosolidaires ont d\u00e9couvert la technique du body painting peinture sur corps, \u00e9chang\u00e9 sur la symbolique des couleurs et comme dautres femmes \u00e0 travers le monde ont choisi de se parer de couleurs pour sexprimer. Selon le quotidien espagnol El Pais, 85 des 100 000 avortements pratiqu\u00e9s actuellement chaque ann\u00e9e en Espagne, risquent ainsi de devenir ill\u00e9gaux. En cons\u00e9quence, seules les femmes les plus favoris\u00e9es pourront choisir de conserver ou non leur grossesse, notamment en b\u00e9n\u00e9ficiant dune IVG \u00e0 l\u00e9tranger. B-Poursuivre les efforts pour am\u00e9liorer les conditions dexistence 1. Sagissant de lacc\u00e8s aux conditions minimales dexistence dans le bidonville Apprenez \u00e0 voler \u00e0 partir de 5 ans dans plus grand simulateur de chute libre au monde \u00e0 10 min du centre de Lille et proche de la Belgique! Toutes les occasions sont bonnes : anniversaire denfants, sortie entre amis, en famille, evg evjf, s\u00e9minaire, team building.. <img decoding=\"async\" src=\"http:\/\/cdn.purple.fr\/67b612df10d3ebcc2827ae49bacb47f7\/static.purple.fr\/2018\/02\/UNGER-BLISTENE03-copie-216x300.jpg\/300x300\/UNGER-BLISTENE03-copie-216x300.jpg\" alt=\"prostituees sur calais\" align=\"center\"> Filed under:,. Spotted by Thein on May 22, 2019 Bollaert fera partie des plus beaux stades de France, assure le manager dexploitation du club Comment peut-on imaginer un tel accueil? On sait pourtant depuis longtemps quun camp doit \u00eatre pens\u00e9 comme une ville, que les humains ne peuvent y \u00eatre trait\u00e9s comme du b\u00e9tail. En 2016, la France ne serait donc capable que de proposer un alignement de bo\u00eetes en m\u00e9tal ferm\u00e9es pour loger des familles ayant fui la guerre et qui ont tout perdu? Si M\u00e9decins du Monde se concentre sur limpact de la loi Najat Vallaud-Belkacem sur la sant\u00e9 des personnes prostitu\u00e9es, dautres, comme, partagent \u00e0 linverse lesprit du texte qui vise, \u00e0 terme, \u00e0 mettre fin \u00e0 la prostitution. Cest une bonne chose que le client soit poursuivi, estime en effet Bernard Lemettre, responsable r\u00e9gional du Mouvement du Nid dans le Nord-Pas-de-Calais, parce que le client, par son acte, an\u00e9antit les femmes, pas seulement physiquement. Parce quil alimente indirectement les r\u00e9seaux. Les trafiquants ne ram\u00e8neraient pas des filles sur les trottoirs de Lille sil ny avait pas de demande. Pas-de-Calais : 10 ans de prison pour le viol et la s\u00e9questration de son ex-compagne enceinte La justice a retenu lalt\u00e9ration du jugement mais pas labolition, sur La Voix du Nord consult\u00e9 le 14 novembre 2015. Un b\u00e2timent avec la capacit\u00e9 de loger plus de 30 femmes et leurs enfants. Et en-GB, sur consult\u00e9 le 25 octobre 2015.<\/p>\n","protected":false},"excerpt":{"rendered":"<p>prostituees sur calais<\/p>\n","protected":false},"author":1,"featured_media":0,"comment_status":"closed","ping_status":"closed","sticky":false,"template":"","format":"standard","meta":{"footnotes":""},"categories":[1],"tags":[],"_links":{"self":[{"href":"https:\/\/dig-stuttgart.de\/info\/wp-json\/wp\/v2\/posts\/6452"}],"collection":[{"href":"https:\/\/dig-stuttgart.de\/info\/wp-json\/wp\/v2\/posts"}],"about":[{"href":"https:\/\/dig-stuttgart.de\/info\/wp-json\/wp\/v2\/types\/post"}],"author":[{"embeddable":true,"href":"https:\/\/dig-stuttgart.de\/info\/wp-json\/wp\/v2\/users\/1"}],"replies":[{"embeddable":true,"href":"https:\/\/dig-stuttgart.de\/info\/wp-json\/wp\/v2\/comments?post=6452"}],"version-history":[{"count":1,"href":"https:\/\/dig-stuttgart.de\/info\/wp-json\/wp\/v2\/posts\/6452\/revisions"}],"predecessor-version":[{"id":6453,"href":"https:\/\/dig-stuttgart.de\/info\/wp-json\/wp\/v2\/posts\/6452\/revisions\/6453"}],"wp:attachment":[{"href":"https:\/\/dig-stuttgart.de\/info\/wp-json\/wp\/v2\/media?parent=6452"}],"wp:term":[{"taxonomy":"category","embeddable":true,"href":"https:\/\/dig-stuttgart.de\/info\/wp-json\/wp\/v2\/categories?post=6452"},{"taxonomy":"post_tag","embeddable":true,"href":"https:\/\/dig-stuttgart.de\/info\/wp-json\/wp\/v2\/tags?post=6452"}],"curies":[{"name":"wp","href":"https:\/\/api.w.org\/{rel}","templated":true}]}}