{"id":6468,"date":"2020-07-05T21:08:38","date_gmt":"2020-07-05T21:08:38","guid":{"rendered":"http:\/\/dig-stuttgart.de\/info\/?p=6468"},"modified":"2020-06-28T02:51:52","modified_gmt":"2020-06-28T02:51:52","slug":"rencontre-internationale-de-lyon","status":"publish","type":"post","link":"https:\/\/dig-stuttgart.de\/info\/2020\/07\/05\/rencontre-internationale-de-lyon\/","title":{"rendered":"Rencontre Internationale De Lyon"},"content":{"rendered":"<p>Les fractions au cycle 3 : repr\u00e9senter, verbaliser et conceptualiser Commission denrichissement de la langue fran\u00e7aise. Recommandation sur les \u00e9quivalents fran\u00e7ais \u00e0 donner \u00e0 lexpression learning centre. In education.gouv.fr en ligne, 22032018. Disponible sur : 14h-Rencontre VIBRAPHONE avec Emmanuel S\u00e9journ\u00e915h30-Rencontre MARIMBA avec Lin Chin Cheng17h-Atelier dinitiation PERCUSSION CORPORELLE avec le Trio SR9 Les nouveaux bassins MLine associent les avantages de la piscine pr\u00e9fabriqu\u00e9e avec des possibilit\u00e9s de conception individuelle pour la surface : les piscines en mosa\u00efque sont d\u00e9j\u00e0 recouvertes en usine de mosa\u00efque, c\u00e9ramique ou de pierres naturelles et sont transport\u00e9es dune seule pi\u00e8ce. Ce qui \u00e9conomise du temps et de largent. Salle Ground Zero 60 avenue de Bohlen, 69120 Vaulx-en-Velin Visite dune d\u00e9l\u00e9gation du Japon \u00e0 Paris du 15 au 17 f\u00e9vrier 2016 Trinh Xuan Thuan est aussi lauteur de nombreux ouvrages, dont le dernier Face \u00e0 lUnivers avec entre autres: Matthieu Ricard, Jean-Marie Pelt, Joel de Rosnay, Jean dOrmesson, Edgar Morin.. Ben franchement le 8 d\u00e9cembre, pour d\u00e9couvrir la ville, je pense que cest ce quil y a de presque pire..Voir plus bas en juillet, m\u00eame si je pense que \u00e7a ne se fera pas car cest trop juste en termes de d\u00e9lais 11 mai 2008 \u00e0 21:10 CEST <img decoding=\"async\" src=\"http:\/\/lyon.aujourdhui.fr\/uploads\/assets\/evenements\/recto_fiche\/2015\/07\/552043_27-emes-rencontres-du-jeune-theatre-europeen_164015.jpg\" alt=\"rencontre internationale de lyon\" align=\"right\"> R\u00e9unions et rencontres internationales FranceArchives Sandra Magalhaes Banco Palmas, Fortaleza-Br\u00e9sil, <img decoding=\"async\" src=\"http:\/\/www.consistoiredelyon.fr\/images\/20180926%20suissa.jpg\" alt=\"rencontre internationale de lyon\" align=\"left\"> Le 18 et le 25 juin 2020 Pour se retrouver, discuter, passer un moment ensemble.. Saint-Paul-en-Jarez Pour les professionnels de la culture et de l\u00e9v\u00e9nementiel La performance serait notre \u00e9talon actuel : quand r\u00e9clame-t-elle que cela qui est alentour du corps performatif sapproche en happening et plus encore \u00e0 quoi se per\u00e7oit cette possibilit\u00e9 de transgression du hors-cadre avec le champ. Rencontres Internationales : Relais desserts CALISSI Le 17 et le 20 juin 2020 Venez d\u00e9couvrir et pratiquer la sophrologie.. Roanne Los siguientes archivos corresponden a los encuentros realizados por nuestra asociaci\u00f3n. A partir de 2008, se transforman en Encuentros  Le 2\u00e8me Forum pour la Coop\u00e9ration Internationale des Collectivit\u00e9s sest tenu les 7 et 8 juillet 2011 au Palais des Congr\u00e8s \u00e0 Paris. Cet \u00e9v\u00e8nement.. <img decoding=\"async\" src=\"http:\/\/www.gpipl.fr\/img\/equipe\/julien_gallay.png\" alt=\"rencontre internationale de lyon\" align=\"center\">  .<\/p>\n","protected":false},"excerpt":{"rendered":"<p>rencontre internationale de lyon<\/p>\n","protected":false},"author":1,"featured_media":0,"comment_status":"closed","ping_status":"closed","sticky":false,"template":"","format":"standard","meta":{"footnotes":""},"categories":[1],"tags":[],"_links":{"self":[{"href":"https:\/\/dig-stuttgart.de\/info\/wp-json\/wp\/v2\/posts\/6468"}],"collection":[{"href":"https:\/\/dig-stuttgart.de\/info\/wp-json\/wp\/v2\/posts"}],"about":[{"href":"https:\/\/dig-stuttgart.de\/info\/wp-json\/wp\/v2\/types\/post"}],"author":[{"embeddable":true,"href":"https:\/\/dig-stuttgart.de\/info\/wp-json\/wp\/v2\/users\/1"}],"replies":[{"embeddable":true,"href":"https:\/\/dig-stuttgart.de\/info\/wp-json\/wp\/v2\/comments?post=6468"}],"version-history":[{"count":1,"href":"https:\/\/dig-stuttgart.de\/info\/wp-json\/wp\/v2\/posts\/6468\/revisions"}],"predecessor-version":[{"id":6469,"href":"https:\/\/dig-stuttgart.de\/info\/wp-json\/wp\/v2\/posts\/6468\/revisions\/6469"}],"wp:attachment":[{"href":"https:\/\/dig-stuttgart.de\/info\/wp-json\/wp\/v2\/media?parent=6468"}],"wp:term":[{"taxonomy":"category","embeddable":true,"href":"https:\/\/dig-stuttgart.de\/info\/wp-json\/wp\/v2\/categories?post=6468"},{"taxonomy":"post_tag","embeddable":true,"href":"https:\/\/dig-stuttgart.de\/info\/wp-json\/wp\/v2\/tags?post=6468"}],"curies":[{"name":"wp","href":"https:\/\/api.w.org\/{rel}","templated":true}]}}