{"id":6476,"date":"2020-07-05T06:35:12","date_gmt":"2020-07-05T06:35:12","guid":{"rendered":"http:\/\/dig-stuttgart.de\/info\/?p=6476"},"modified":"2020-06-28T02:56:10","modified_gmt":"2020-06-28T02:56:10","slug":"rencontre-laetitia-ibert","status":"publish","type":"post","link":"https:\/\/dig-stuttgart.de\/info\/2020\/07\/05\/rencontre-laetitia-ibert\/","title":{"rendered":"Rencontre Laetitia Ibert"},"content":{"rendered":"<p>Demande de dossier par internet : Pr\u00e9-inscription 20 d\u00e9c. 2013 31 jan. 2014 Bernard Cazauran enseigne actuellement au Conservatoire national sup\u00e9rieur de musique et de danse de Lyon et anime r\u00e9guli\u00e8rement des master-classes dans le monde entier.  6, 27 avril et 4 mai : trois demi-journ\u00e9es travaux pratiques dans la classe dapplication. R\u00e9servation \u00e0 ladresse suivante : reservationmusicanigella.fr Robert Henderson, Variations mouvements 1, 2, 3 et 4 En ce mois de mai lOp\u00e9ra de Lille annonce sa saison 2019-2020. \u00c0 cette occasion des pr\u00e9sentations \u00e0 destination de ses diff\u00e9rents partenaires seront organis\u00e9es. \u0391\u03c3\u03b7\u03bc\u03b5\u03bd\u03b9\u03b1 \u03b2\u03c1\u03b1\u03c7\u03b9\u03bf\u03bb\u03b9\u03b1 \u03bc\u03b5 \u03b1\u03bb\u03c5\u03c3\u03b9\u03b4\u03b1 1.27 \u03b9\u03b1\u03c4\u03c1\u03bf\u03b9 \u03b5\u03bf\u03c0\u03c5\u03c5 \u03b8\u03b5\u03c3\u03c3\u03b1\u03bb\u03bf\u03bd\u03b9\u03ba\u03b7 \u03c0\u03b1\u03b8\u03bf\u03bb\u03bf\u03b3\u03bf\u03b9 2.41 Musique Master class de Trompette avec Manu Mellaerts Lid\u00e9e de ce projet part du constat quen Bolivie, la pratique et lenseignement de la musique classique sont encore tr\u00e8s r\u00e9cents et peu d\u00e9velopp\u00e9s, malgr\u00e9 un r\u00e9el int\u00e9r\u00eat des jeunes musiciens boliviens. \u0391\u03bd\u03c4\u03b1\u03bb\u03bb\u03b1\u03ba\u03c4\u03b9\u03ba\u03b1 \u03b1\u03c5\u03c4\u03bf\u03ba\u03b9\u03bd\u03b7\u03c4\u03bf\u03c5 \u03b7\u03c1\u03b1\u03ba\u03bb\u03b5\u03b9\u03bf \u03ba\u03c1\u03b7\u03c4\u03b7\u03c2 \u03bc\u03c0\u03c1\u03bf\u03c3\u03c4\u03b9\u03bd\u03bf \u03c3\u03c5\u03c3\u03c4\u03b7\u03bc\u03b1 daytona \u03b3\u03c1\u03b7\u03b3\u03bf\u03c1\u03bf \u03c3\u03bf\u03ba\u03bf\u03bb\u03b1\u03c4\u03b5\u03bd\u03b9\u03bf \u03b3\u03bb\u03c5\u03ba\u03bf \u03c8\u03c5\u03b3\u03b5\u03b9\u03bf\u03c5 \u03b1\u03cc\u03c1\u03b9\u03c3\u03c4\u03b1 \u03c3\u03c4\u03b1 \u03b1\u03b3\u03b3\u03bb\u03b9\u03ba\u03ac \u03bc\u03b1\u03bd\u03c4\u03c1\u03b1 \u03b1\u03c5\u03c4\u03bf\u03ba\u03b9\u03bd\u03b7\u03c4\u03c9\u03bd \u03c0\u03b1\u03c4\u03c1\u03b1 \u03b1\u03c3\u03c4\u03b5\u03c1\u03b9\u03be \u03ba\u03b1\u03b9 \u03bf\u03b2\u03b5\u03bb\u03b9\u03be \u03bf\u03bb\u03c5\u03bc\u03c0\u03b9\u03b1\u03ba\u03bf\u03b9 \u03b1\u03b3\u03c9\u03bd\u03b5\u03c2 \u03b7\u03b8\u03bf\u03c0\u03bf\u03b9\u03bf\u03b9 \u03c0\u03b1\u03b9\u03b4\u03b9\u03ba\u03b1 \u03c0\u03b1\u03c0\u03bf\u03c5\u03c4\u03c3\u03b9\u03b1 \u03b1\u03b8\u03bb\u03b7\u03c4\u03b9\u03ba\u03b1 \u03b8\u03b5\u03c3\u03c3\u03b1\u03bb\u03bf\u03bd\u03b9\u03ba\u03b7 \u0397 \u03b1\u03bd\u03b1\u03b3\u03ad\u03bd\u03bd\u03b7\u03c3\u03b7 \u03c4\u03b7\u03c2 \u039c\u03b1\u03c3\u03c3\u03b1\u03bb\u03af\u03b1\u03c2 <img decoding=\"async\" src=\"http:\/\/www.hairmeeytwardrobe.gq\/2085-home_default\/tableau-decoration-home.jpg\" alt=\"rencontre laetitia ibert\" align=\"right\"> Dans le cadre du festival Lair de rien.. Les jeunes ont du talent, organis\u00e9 par lESMD et le Conservatoire de Lille, retrouvez les \u00e9l\u00e8ves du Conservatoire dans un concert o\u00f9 la musiquette Debussy et Ravel est mise au service du texte! <img decoding=\"async\" src=\"http:\/\/www.deliver.roadhappy.com\/wp-content\/uploads\/2015\/02\/23125.png\" alt=\"rencontre laetitia ibert\" align=\"right\"> <img decoding=\"async\" src=\"http:\/\/www.mode-shop.fr\/images\/produits\/75\/escarpins-Missguided-17344339-2.jpg\" alt=\"rencontre laetitia ibert\" align=\"right\"> LESMD est partenaire de cette premi\u00e8re \u00e9dition qui verra, la Grande \u00c9curie et la Chambre du Roy et le Concert dAstr\u00e9e se produire dans un m\u00eame dispositif orchestre XVIIIe si\u00e8cle : ensemble \u00e0 cordes et continuo, deux chanteurs solistes. Son \u0153uvre Quartett cr\u00e9\u00e9e en 2011 \u00e0 la Scala de Milan est programm\u00e9e \u00e0 lOp\u00e9ra de Lille mercredi 1311, vendredi 1511 \u00e0 20h et dimanche 1711 \u00e0 16h. Pr\u00e9sent \u00e0 Lille \u00e0 cette occasion, le compositeur donnera une master class publique et des \u00e9tudiants pourront lui pr\u00e9senter quelques pi\u00e8ces de leur composition. Entr\u00e9e uniquement sur pr\u00e9sentation du billet pour le concert de 20h00 Accompagnement dune \u0153uvre instrumentale ou vocale envoy\u00e9e par mail le vendredi pr\u00e9c\u00e9dant lexamen.  .<\/p>\n","protected":false},"excerpt":{"rendered":"<p>rencontre laetitia ibert<\/p>\n","protected":false},"author":1,"featured_media":0,"comment_status":"closed","ping_status":"closed","sticky":false,"template":"","format":"standard","meta":{"footnotes":""},"categories":[1],"tags":[],"_links":{"self":[{"href":"https:\/\/dig-stuttgart.de\/info\/wp-json\/wp\/v2\/posts\/6476"}],"collection":[{"href":"https:\/\/dig-stuttgart.de\/info\/wp-json\/wp\/v2\/posts"}],"about":[{"href":"https:\/\/dig-stuttgart.de\/info\/wp-json\/wp\/v2\/types\/post"}],"author":[{"embeddable":true,"href":"https:\/\/dig-stuttgart.de\/info\/wp-json\/wp\/v2\/users\/1"}],"replies":[{"embeddable":true,"href":"https:\/\/dig-stuttgart.de\/info\/wp-json\/wp\/v2\/comments?post=6476"}],"version-history":[{"count":1,"href":"https:\/\/dig-stuttgart.de\/info\/wp-json\/wp\/v2\/posts\/6476\/revisions"}],"predecessor-version":[{"id":6477,"href":"https:\/\/dig-stuttgart.de\/info\/wp-json\/wp\/v2\/posts\/6476\/revisions\/6477"}],"wp:attachment":[{"href":"https:\/\/dig-stuttgart.de\/info\/wp-json\/wp\/v2\/media?parent=6476"}],"wp:term":[{"taxonomy":"category","embeddable":true,"href":"https:\/\/dig-stuttgart.de\/info\/wp-json\/wp\/v2\/categories?post=6476"},{"taxonomy":"post_tag","embeddable":true,"href":"https:\/\/dig-stuttgart.de\/info\/wp-json\/wp\/v2\/tags?post=6476"}],"curies":[{"name":"wp","href":"https:\/\/api.w.org\/{rel}","templated":true}]}}