{"id":6506,"date":"2020-07-05T02:46:02","date_gmt":"2020-07-05T02:46:02","guid":{"rendered":"http:\/\/dig-stuttgart.de\/info\/?p=6506"},"modified":"2020-06-28T03:09:21","modified_gmt":"2020-06-28T03:09:21","slug":"accueil-et-rencontres","status":"publish","type":"post","link":"https:\/\/dig-stuttgart.de\/info\/2020\/07\/05\/accueil-et-rencontres\/","title":{"rendered":"Accueil Et Rencontres"},"content":{"rendered":"<p>Denise et Jean-Pierre DEROEUX ont cr\u00e9\u00e9 lassociation Chris-Elo suite aux d\u00e9c\u00e8s de leur fils Christophe et de sa fianc\u00e9e \u00c9lodie lors dun accident de la circulation routi\u00e8re survenu en mars 2003.  Colloque International organis\u00e9 au sein du Calhiste A destination des acteurs de terrain de lagglom\u00e9ration montoise, les rencontres interpartenariales ont pour vocation de pr\u00e9senter une structure, un service, un dispositif, une th\u00e9matique, afin dam\u00e9liorer la connaissance mutuelle entre partenaires et doptimiser la concertation et lorientation pour mieux r\u00e9pondre aux besoins des publics accompagn\u00e9s. Sur rendez-vous : Mardi de 13h30 \u00e0 17h00, Jeudi de 9h00 \u00e0 12h00, Vendredi de 13h30 \u00e0 17h00 Des rencontres entre un groupe de photographes en 1970 \u00e0 145 000 visiteurs en 2019, cest toute une saga de la photographie sinscrivant sur les terres arl\u00e9siennes qui est racont\u00e9e dans ce livre de r\u00e9f\u00e9rence. <img decoding=\"async\" src=\"http:\/\/www.chantchoral.org\/data\/0108-chantchoral\/data\/diaporamas\/accueil_Xavier_(2)_crop_1140_700.jpg\" alt=\"accueil et rencontres\" align=\"right\"> <img decoding=\"async\" src=\"http:\/\/scwrie.gq\/upload\/videos\/mini\/15b5061b3487cd.jpg\" alt=\"accueil et rencontres\" align=\"center\"> Nouvelles Rencontres de Brangues Pour un th\u00e9\u00e2tre po\u00e9tique La marche \u00e9tant le vecteur commun \u00e0 la plupart de ses activit\u00e9s, Chemins et Rencontres sint\u00e9resse \u00e9galement \u00e0 la botanique, lornithologie accueil \u00e0 la ferme pour des rencontres ex.traordinaires, visite de la ferme,vente de viandes,auberge cabaret.-Avis de voyageurs sur Les Folies Fermi\u00e8res, Garrigues-Tripadvisor Copyright 2016 Gindou Cin\u00e9ma Gindou Cin\u00e9ma-Le Bourg-46250 Gindou T\u00e9l. : 05 65 22 89 99 Dans le d\u00e9partement de la Somme, les rencontres de la s\u00e9curit\u00e9 se d\u00e9rouleront du jeudi 11 au samedi 13 octobre dans les arrondissements de P\u00e9ronne-Montidier, dAbbeville et dAmiens. <img decoding=\"async\" src=\"http:\/\/ekladata.com\/pr9ffYOv_Ari3l4HHQlp_CPqMlw.jpg\" alt=\"accueil et rencontres\" align=\"left\">  Sur rendez-vous : 2\u00e8me, 3\u00e8me, 4\u00e8me et 5\u00e8me Vendredi de 9 h \u00e0 12 h D\u00e9couvrir une r\u00e9gion passe aussi par la d\u00e9couverte humaine, la rencontre avec les habitants. Nous mettons donc aussi laccent sur les temps forts que nous pouvons organiser, tels que : Afin de p\u00e9naliser le moins possible les enfants et les parents que nous recevons, nous avons pens\u00e9 \u00e0 d\u00e9doubler transitoirement laccueil sur la journ\u00e9e du samedi ET celle du dimanche \u00e0 partir du 23 et 24 Mai dans le respect du rythme et des autorisations ou interdictions de sortie. 2017 10e \u00e9dition des Rencontres de la Mobilit\u00e9 Internationale En novembre, mai et juin et septembre, LE SULTANAT DOMAN, MADRID, LES VILLAS PALLADIENNES et ROME seront les destinations des VOYAGES CULTURELS d\u00e9velopp\u00e9s, au pr\u00e9alable, par un cycle de conf\u00e9rences. Merci pour votre inscription, nous vous enverrons les informations de mise \u00e0 jour pour la soci\u00e9t\u00e9 \u00e0 ladresse. Sont indispensables au bon fonctionnement de notre site Les grands rendez-vous culturels dans la m\u00e9tropole Ce mode de fonctionnement temporaire demande des efforts dam\u00e9nagement \u00e0 tous, et de respecter les cr\u00e9neaux horaires impartis \u00e0 chacune situation. Structuration des missions et p\u00e9rim\u00e8tres des directeurs RU .<\/p>\n","protected":false},"excerpt":{"rendered":"<p>accueil et rencontres<\/p>\n","protected":false},"author":1,"featured_media":0,"comment_status":"closed","ping_status":"closed","sticky":false,"template":"","format":"standard","meta":{"footnotes":""},"categories":[1],"tags":[],"_links":{"self":[{"href":"https:\/\/dig-stuttgart.de\/info\/wp-json\/wp\/v2\/posts\/6506"}],"collection":[{"href":"https:\/\/dig-stuttgart.de\/info\/wp-json\/wp\/v2\/posts"}],"about":[{"href":"https:\/\/dig-stuttgart.de\/info\/wp-json\/wp\/v2\/types\/post"}],"author":[{"embeddable":true,"href":"https:\/\/dig-stuttgart.de\/info\/wp-json\/wp\/v2\/users\/1"}],"replies":[{"embeddable":true,"href":"https:\/\/dig-stuttgart.de\/info\/wp-json\/wp\/v2\/comments?post=6506"}],"version-history":[{"count":1,"href":"https:\/\/dig-stuttgart.de\/info\/wp-json\/wp\/v2\/posts\/6506\/revisions"}],"predecessor-version":[{"id":6507,"href":"https:\/\/dig-stuttgart.de\/info\/wp-json\/wp\/v2\/posts\/6506\/revisions\/6507"}],"wp:attachment":[{"href":"https:\/\/dig-stuttgart.de\/info\/wp-json\/wp\/v2\/media?parent=6506"}],"wp:term":[{"taxonomy":"category","embeddable":true,"href":"https:\/\/dig-stuttgart.de\/info\/wp-json\/wp\/v2\/categories?post=6506"},{"taxonomy":"post_tag","embeddable":true,"href":"https:\/\/dig-stuttgart.de\/info\/wp-json\/wp\/v2\/tags?post=6506"}],"curies":[{"name":"wp","href":"https:\/\/api.w.org\/{rel}","templated":true}]}}