{"id":6514,"date":"2020-07-05T15:21:29","date_gmt":"2020-07-05T15:21:29","guid":{"rendered":"http:\/\/dig-stuttgart.de\/info\/?p=6514"},"modified":"2020-06-28T03:13:42","modified_gmt":"2020-06-28T03:13:42","slug":"rencontres-internationales-harmoniques-lausanne","status":"publish","type":"post","link":"https:\/\/dig-stuttgart.de\/info\/2020\/07\/05\/rencontres-internationales-harmoniques-lausanne\/","title":{"rendered":"Rencontres Internationales Harmoniques Lausanne"},"content":{"rendered":"<p>Ce soir vendredi 5 octobre, 19h30 au Mus\u00e9e darts et dhistoire de Gen\u00e8ve, concert avec Stephan MacLeod baryton-basse et Jovanka Marville pianoforte. Au programme, lieder de Beethoven et de Schubert. Les Chefs de Ch\u0153urs contact\u00e9s peuvent orienter leur travail vers lauthenticit\u00e9 et lintimit\u00e9 des sonorit\u00e9s que procurent les instruments de facture ancienne diapasons 392 415 430 440 465 Hz. Fid\u00e8les \u00e0 lEnsemble Baroque du L\u00e9man, plusieurs Chefs de Choeurs r\u00e9it\u00e8rent r\u00e9guli\u00e8rement leur d\u00e9sir de le r\u00e9engager. Rencontres Internationales Frederic Chopin blog.uclm.es Combien? De 15 \u00e0 35 fr. Selon les concerts. Concerts pour enfants 12 fr. <img decoding=\"async\" src=\"http:\/\/cdn1_2.reseaudesvilles.fr\/cities\/54\/images\/t5c8yxbq7b2wfyx.jpg\" alt=\"rencontres internationales harmoniques lausanne\" align=\"left\">&#8212;&#8212;&#8212;&#8212;&#8212;&#8212;&#8212;&#8212;&#8212;&#8212;&#8212;&#8211;Dimanche 5 f\u00e9vrier 2017, 17h Delizie Musicali Actes des Rencontres Internationales harmoniques, Lausanne 2010 Proceedings of the harmoniques International Congress, Lausanne 2010 Pierre Goy est linstigateur des Rencontres Internationales Harmoniques de Lausanne qui rassemblent tous les deux ans depuis 2002 des facteurs dinstruments, des musiciens, des musicologues et des conservateurs de mus\u00e9e autour des instruments anciens. \u00c0 la complicit\u00e9 \u00e9vidente! Christine Schornsheim et Andreas Staier W.A. Mozart, Sonate en Do KV 521 pour pianoforte \u00e0 quatre  contre les cordes. Ce genre dinstrument sera encore jou\u00e9  Jean Henri Pape 1789-1875 : au bonheur des dames Catherine Michaud-Pradeilles En formation de musique de chambre il a pour partenaires entre autres des membres dIl Giardino Armonico, le Quatuor Mosa\u00efques, lEnsemble baroque de Limoges, la violoniste Liana Mosca.  L\u0153uvre pianistique de Fre\u0301de\u0301ric Kalkbrenner 1785-1849 et ses rapports avec Fre\u0301de\u0301ric Chopin 1810-1849 Herve\u0301 Aude\u0301on- <img decoding=\"async\" src=\"http:\/\/s1.studyres.com\/store\/data\/007981259_2-07975786483436979f10018ee821275f.png\" alt=\"rencontres internationales harmoniques lausanne\" align=\"left\"> Vendredi 29 ao\u00fbt 2014, 21h30 I Gregori, una famiglia di cembalari nella SantElpidio del Settecento Ce volume presente les contributions des cinquiemes Rencontres Internationales organisees a Lausanne par la Fondation harmoniques <img decoding=\"async\" src=\"http:\/\/images-eu.amazon.com\/images\/P\/2070732746.08.LZZZZZZZ.jpg\" alt=\"rencontres internationales harmoniques lausanne\" align=\"left\"> Chopin Et Son Temps Chopin and His Time: Actes Des Rencontres Internationales Harmoniques, Lausanne 2010-Proceedings of the Harmoniques International Congress, Lausanne 2010 Plein succ\u00e8s pour la premi\u00e8re \u00e9dition dHarmoniques qui fait partie de notre programme d\u00e9couverte pour tous les.<\/p>\n","protected":false},"excerpt":{"rendered":"<p>rencontres internationales harmoniques lausanne<\/p>\n","protected":false},"author":1,"featured_media":0,"comment_status":"closed","ping_status":"closed","sticky":false,"template":"","format":"standard","meta":{"footnotes":""},"categories":[1],"tags":[],"_links":{"self":[{"href":"https:\/\/dig-stuttgart.de\/info\/wp-json\/wp\/v2\/posts\/6514"}],"collection":[{"href":"https:\/\/dig-stuttgart.de\/info\/wp-json\/wp\/v2\/posts"}],"about":[{"href":"https:\/\/dig-stuttgart.de\/info\/wp-json\/wp\/v2\/types\/post"}],"author":[{"embeddable":true,"href":"https:\/\/dig-stuttgart.de\/info\/wp-json\/wp\/v2\/users\/1"}],"replies":[{"embeddable":true,"href":"https:\/\/dig-stuttgart.de\/info\/wp-json\/wp\/v2\/comments?post=6514"}],"version-history":[{"count":1,"href":"https:\/\/dig-stuttgart.de\/info\/wp-json\/wp\/v2\/posts\/6514\/revisions"}],"predecessor-version":[{"id":6515,"href":"https:\/\/dig-stuttgart.de\/info\/wp-json\/wp\/v2\/posts\/6514\/revisions\/6515"}],"wp:attachment":[{"href":"https:\/\/dig-stuttgart.de\/info\/wp-json\/wp\/v2\/media?parent=6514"}],"wp:term":[{"taxonomy":"category","embeddable":true,"href":"https:\/\/dig-stuttgart.de\/info\/wp-json\/wp\/v2\/categories?post=6514"},{"taxonomy":"post_tag","embeddable":true,"href":"https:\/\/dig-stuttgart.de\/info\/wp-json\/wp\/v2\/tags?post=6514"}],"curies":[{"name":"wp","href":"https:\/\/api.w.org\/{rel}","templated":true}]}}