{"id":6522,"date":"2020-07-05T07:04:10","date_gmt":"2020-07-05T07:04:10","guid":{"rendered":"http:\/\/dig-stuttgart.de\/info\/?p=6522"},"modified":"2020-06-28T03:17:34","modified_gmt":"2020-06-28T03:17:34","slug":"rencontre-macon-saone-loire","status":"publish","type":"post","link":"https:\/\/dig-stuttgart.de\/info\/2020\/07\/05\/rencontre-macon-saone-loire\/","title":{"rendered":"Rencontre Macon Saone Loire"},"content":{"rendered":"<p>Marc Bonnetain, Lavenue Mar\u00e9chal-de-Lattre-de-Tassigny, ex-quai du Breuil, 6 novembre 2015, consult\u00e9 le 3 juin 2018. Retrait\u00e9e,jaime sortir, danser, marcher,faire du v\u00e9lo. Femme c\u00e9libataire de 34 ans recherche rencontre amicale Organis\u00e9 par la Soci\u00e9t\u00e9 dagriculture et de viticulture de larrondissement de M\u00e2con, sous le patronage du pr\u00e9fet de Sa\u00f4ne-et-Loire, du pr\u00e9sident du Conseil d\u00e9partemental et du maire de M\u00e2con, en partenariat avec le Conseil d\u00e9partemental, le lyc\u00e9e viticole et agronomique Lucie Aubrac de Davay\u00e9, la ville de M\u00e2con, le, lInter-Beaujolais et la Confr\u00e9rie des vignerons de Saint Vincent. Les calanques ne se trouvent qu\u00e0 quelques minutes de la Canebi\u00e8re. Un site exceptionnel, fragile et encore sauvage, qui devrait \u00eatre class\u00e9 parc national \u00e0 la fin de cette ann\u00e9e. Quai des Marans, le 1 er port de M\u00e2con, 13 octobre 2015. 1766-1829, \u00e9crivaine fran\u00e7aise d\u00e9c\u00e9d\u00e9e \u00e0 M\u00e2con, m\u00e8re du po\u00e8te. .. Une soumise, si tu recherches un ma\u00eetre, un m\u00e2le alpha avec une bonne grosse queue bien dur pour te soumettre \u00e0 mes d\u00e9sirs vien me voir  Ne vous bousculez pas, travaillez avec votre nature et non contre elle M\u00e9nagez-vous. Acceptez-vous tel que vous \u00eates. Ayez de la tendresse pour vous-m\u00eame. Vous vous construirez une autonomie et un \u00e9quilibre qui ne d\u00e9pendront de rien dautre que de vous. Prenez la bonne d\u00e9cision de prendre m\u00e9thodiquement soin de vous. \u00catre comme on est, est ce qui sonne le plus juste. Toujours! Vous \u00eates volontaire pour progresser, mais attention aux rapports de force. Ne vous bousculez pas et appr\u00e9ciez ce que vous faites. Rien nest perdu.. Lol, un petit dialogue sympa. Oui, javoue je crois encore en lamour.. Quoi? JACQUIE MICHEL ont cr\u00e9\u00e9 un site de plan cul sp\u00e9cial COUGARS?? Lagence matrimoniale MACON ALLIANCE CONSEIL se consacre \u00c3 permettre \u00c3 ceux qui ne veulent pas se r\u00c3signer \u00c3 la solitude de faire des rencontres senior et avoir ainsi une vie de bonheur et de projets. Je souhaite rencontrer un compagnon pour partager \u00e0 deux les belles choses que la vie peut encore nous offrir. Pascadan, un couple les 2 bi. De 65 et 61 ans,, sur huguenots-france.org consult\u00e9 le 21 mai 2018. <img decoding=\"async\" src=\"http:\/\/mollygraphy-photography.fr\/wp-content\/uploads\/2015\/09\/mollygraphy-photographe-lifestyle-famille-m__con-photographe-macon-lyon-dijon-gen__ve-chalon-beaujolais-et-bourgogne-s__ance-gorssesse-ext__rieur-h__l__ne-aur__lien-kids-58-1200x600.jpg\" alt=\"rencontre macon saone loire\" align=\"left\"> Nous utilisons des cookies pour vous garantir la meilleure exp\u00e9rience sur notre site. Si vous continuez \u00e0 utiliser ce dernier, nous consid\u00e9rerons que vous acceptez lutilisation des cookies. Celipastas M\u00e2con-Rencontres amicales, amoureuses professionnelles celles pr\u00e9c\u00e9demment collect\u00e9es afin d\u00e9valuer, de comprendre et de rendre compte de la fa\u00e7on dont vous En raison de la p\u00e9riode de crise sanitaire que nous traversons, le Gouvernement a d\u00e9cid\u00e9, exceptionnellement cette ann\u00e9e, de repousser le versement du solde de la TA au 1er juillet 2020. Je recherche une relation s\u00e9rieuse, une personne stable, sinc\u00e8re, c\u00e2line qui aime profiter de la vie, rire, d\u00e9conner, vivre en harmonie, \u00eatre \u00e0 l\u00e9coute de lautre, partager et surtout bien dans sa t\u00eate qui est pr\u00eat \u00e0 sengager dans une vie de couple, qui soit ouvert desprit, at.. <img decoding=\"async\" src=\"http:\/\/www.metcpare.ga\/3761-19684-thickbox\/location-appartement-4-pieces-chalons-en-champagne-51000-bir-hakeim.jpg\" alt=\"rencontre macon saone loire\" align=\"left\"> Le d\u00e9but de ce est marqu\u00e9 par deux nouveaux gains territoriaux. Le d\u00e9cret du permet lint\u00e9gration de parcelles de Saint-Martin-des-Vignes. La m\u00eame ann\u00e9e, c\u00e8de une parcelle de 33 ha afin que M\u00e2con puisse construire une caserne con\u00e7ue pour accueillir pr\u00e8s de 2 400 hommes que sera la caserne Duhesme&#8230; Je regarderai et r\u00e9fl\u00e9chirais \u00e0 toutes les propositions. Je suis quelquun qui ne se prend pas la t\u00eate, je cherche to.. 5 points de crispation annonc\u00e9s dans le d\u00e9partement <img decoding=\"async\" src=\"http:\/\/www.capen71.org\/bibliotheque\/Dossiers_classes_par_sujet\/POINTSVERTS\/dometnat.jpg\" alt=\"rencontre macon saone loire\" align=\"right\">  Plus tard, la municipalit\u00e9 commence \u00e0 \u00e9tablir des liens avec le aux d\u00e8s lautomne 1972 gr\u00e2ce \u00e0 des contacts avec les deux chambres de commerce. Le jumelage nest officiel que le.<\/p>\n","protected":false},"excerpt":{"rendered":"<p>rencontre macon saone loire<\/p>\n","protected":false},"author":1,"featured_media":0,"comment_status":"closed","ping_status":"closed","sticky":false,"template":"","format":"standard","meta":{"footnotes":""},"categories":[1],"tags":[],"_links":{"self":[{"href":"https:\/\/dig-stuttgart.de\/info\/wp-json\/wp\/v2\/posts\/6522"}],"collection":[{"href":"https:\/\/dig-stuttgart.de\/info\/wp-json\/wp\/v2\/posts"}],"about":[{"href":"https:\/\/dig-stuttgart.de\/info\/wp-json\/wp\/v2\/types\/post"}],"author":[{"embeddable":true,"href":"https:\/\/dig-stuttgart.de\/info\/wp-json\/wp\/v2\/users\/1"}],"replies":[{"embeddable":true,"href":"https:\/\/dig-stuttgart.de\/info\/wp-json\/wp\/v2\/comments?post=6522"}],"version-history":[{"count":1,"href":"https:\/\/dig-stuttgart.de\/info\/wp-json\/wp\/v2\/posts\/6522\/revisions"}],"predecessor-version":[{"id":6523,"href":"https:\/\/dig-stuttgart.de\/info\/wp-json\/wp\/v2\/posts\/6522\/revisions\/6523"}],"wp:attachment":[{"href":"https:\/\/dig-stuttgart.de\/info\/wp-json\/wp\/v2\/media?parent=6522"}],"wp:term":[{"taxonomy":"category","embeddable":true,"href":"https:\/\/dig-stuttgart.de\/info\/wp-json\/wp\/v2\/categories?post=6522"},{"taxonomy":"post_tag","embeddable":true,"href":"https:\/\/dig-stuttgart.de\/info\/wp-json\/wp\/v2\/tags?post=6522"}],"curies":[{"name":"wp","href":"https:\/\/api.w.org\/{rel}","templated":true}]}}