{"id":6526,"date":"2020-07-05T21:12:58","date_gmt":"2020-07-05T21:12:58","guid":{"rendered":"http:\/\/dig-stuttgart.de\/info\/?p=6526"},"modified":"2020-06-28T03:18:41","modified_gmt":"2020-06-28T03:18:41","slug":"rencontre-eje","status":"publish","type":"post","link":"https:\/\/dig-stuttgart.de\/info\/2020\/07\/05\/rencontre-eje\/","title":{"rendered":"Rencontre Eje"},"content":{"rendered":"<p>La de votre secteur peut \u00e9galement vous renseigner. Fonctionnement Comme, depuis quelques d\u00e9cennies, la fortune des Vespucci est en d\u00e9clin, le p\u00e8re dAmerigo veut quil se consacre exclusivement aux affaires du clan. Il parvient \u00e0 lui faire arr\u00eater ses \u00e9tudes \u00e0 l et, gr\u00e2ce aux efforts de Guidantonio, \u00e0 le faire recruter en tant quagent commercial de Florence sous les ordre de et de son fr\u00e8res Giovanni. Pendant son s\u00e9jour \u00e0 Florence, son principal emploi est commissionnaire dans la vente et lachat de pierres pr\u00e9cieuses pour le compte de tiers. <img decoding=\"async\" src=\"http:\/\/www.ediacformation.com\/images\/2016\/06\/dossier-inscription-EJE-2017.jpg\" alt=\"rencontre eje\" align=\"right\"> COVID-19 : comment optimiser la th\u00e9rapie par VNI de fa\u00e7on s\u00fbre  Finalement, je suis moi-m\u00eame \u00e9tonn\u00e9e davoir r\u00e9alis\u00e9 \u00e7a un an apr\u00e8s avoir commenc\u00e9 la formation Alors que cest une base du m\u00e9tier! 2020 Institut de Travail Social de la R\u00e9gion Auvergne. Built using WordPress and. A hrefhttps:www.gulickhhc.comarticle Si vous navez aucun de ces acquis, il vous faudra alors r\u00e9fl\u00e9chir pour justifier de cette situation. Travailler dans le social est une vocation qui n\u00e9cessite une r\u00e9flexion, vous navez pas choisi ce secteur sur un coup de t\u00eate! Auquel cas une remise en question sera peut-\u00eatre n\u00e9cessaire. Les \u00e9preuves de groupe <img decoding=\"async\" src=\"http:\/\/future-eje.cowblog.fr\/images\/mainsbebe01grande.jpg\" alt=\"rencontre eje\" align=\"left\"> La vie insoup\u00e7onn\u00e9e des seniors sur les sites de rencontres De 12h30 \u00e0 14h30, la sieste permet aux \u00e9ducs de pr\u00e9parer les activit\u00e9s de lapr\u00e8s-midi. Mais avant ils rassurent les enfants et les aident \u00e0 sendormir. Laccompagnement des parents via cette action peut faire lobjet dune ou plusieurs s\u00e9ances en fonction des besoins des parents. Certains ont seulement besoin d\u00eatre rassur\u00e9s alors que dautres familles ont \u00e9t\u00e9 suivies toutes les semaines pendant plusieurs mois par exemple. Les professionnels constatent que les parents sollicitent cet accompagnement surtout lorsque leur enfant nest plus nourrisson plus de 12 mois. Suite \u00e0 lessaimage de ce dispositif \u00e0 tous les lieux daccueil dElbeuf  -des petits extras si possible comme par exemple la r\u00e9mun\u00e9ration dun traducteur&#8230; Ladmission en \u00e9cole est conditionn\u00e9e par la r\u00e9ussite du concours dentr\u00e9e. 46 \u00e9tablissements de formation en France dont 22 en apprentissage-\u00e0 Cancale, Saint Meloir des Ondes et Beaussais sur Mer le indique : Les enfants entre eux nont pas daprioris ni de jugements. Ils sadaptent. Cest loccasion de favoriser un accueil mixte entre enfants valides et diff\u00e9rents. Cest un souhait et une valeur importants de Tricotin : appr\u00e9hender la diff\u00e9rence et le vivre ensemble. Un questionnaire a \u00e9t\u00e9 soumis \u00e0 des jeunes en formation EJE et ES, ce questionnaire comportant sept th\u00e8mes : situation familiale des stagiaires, situation professionnelle parentale, scolarit\u00e9 et formation, exp\u00e9rience professionnelle ou b\u00e9n\u00e9vole, d\u00e9couverte de la profession, composantes de lorientation, stage et projection professionnelle. Nous retenons dans le cadre de cet article, afin de r\u00e9pondre plus pr\u00e9cis\u00e9ment \u00e0 la question de recherche, le th\u00e8me composantes de lorientation. Ces \u00e9l\u00e9ments pourront \u00e9clairer une premi\u00e8re partie du choix dorientation professionnelle. IRSS Poitiers Rejoignez notre pr\u00e9pa \u00c9ducateur de jeunes enfants \u00e0 Poitiers! Loccasion pour vous de d\u00e9couvrir la ville aux cents clochers tout en acqu\u00e9rant la m\u00e9thode et les savoirs n\u00e9cessaires \u00e0 la r\u00e9ussite de vos concours EJE. Accompagner lexpression des \u00e9motions d\u00e8s la petite enfance pour favoriser la construction identitaire du jeune enfant, la confiance en soi et lestime de soi. Le championnat de la Liga a red\u00e9marr\u00e9 ce jeudi avec un derby de S\u00e9ville. L\u00e9quipe de Lopetegui la emport\u00e9 2-0. You can email the site owner to let them know you were blocked. Please include what you were doing when this page came up and the Cloudflare Ray ID found at the bottom of this page. Estimation du nombre de couples form\u00e9s sur les sites du groupe Meetic en Europe. Chiffre obtenu par lextrapolation des r\u00e9sultats dune enqu\u00eate r\u00e9alis\u00e9e par Research Now en avril 2018, sur 59 931 personnes r\u00e9sidant en Europe FR, RU, ALL, NL, IT, SP, SW \u00e2g\u00e9s de plus de 18 ans, \u00e0 la population totale de cette tranche d\u00e2ge Source eurostat 2018. Il r\u00e9sulte de cette \u00e9tude que 6 des personnes interrog\u00e9es ont d\u00e9clar\u00e9 avoir \u00e9t\u00e9 en couple avec une personne rencontr\u00e9e sur un des sites du groupe Meetic. Je souhaiterais vous r e mercier vivement pour avoir.. <img decoding=\"async\" src=\"http:\/\/social.prepa-sante-social.fr\/sites\/default\/files\/img\/contenus\/eje.jpg\" alt=\"rencontre eje\" align=\"center\"> Comment pr\u00e9parer sa candidature pour une alternance en BTS et DUT?<\/p>\n","protected":false},"excerpt":{"rendered":"<p>rencontre eje<\/p>\n","protected":false},"author":1,"featured_media":0,"comment_status":"closed","ping_status":"closed","sticky":false,"template":"","format":"standard","meta":{"footnotes":""},"categories":[1],"tags":[],"_links":{"self":[{"href":"https:\/\/dig-stuttgart.de\/info\/wp-json\/wp\/v2\/posts\/6526"}],"collection":[{"href":"https:\/\/dig-stuttgart.de\/info\/wp-json\/wp\/v2\/posts"}],"about":[{"href":"https:\/\/dig-stuttgart.de\/info\/wp-json\/wp\/v2\/types\/post"}],"author":[{"embeddable":true,"href":"https:\/\/dig-stuttgart.de\/info\/wp-json\/wp\/v2\/users\/1"}],"replies":[{"embeddable":true,"href":"https:\/\/dig-stuttgart.de\/info\/wp-json\/wp\/v2\/comments?post=6526"}],"version-history":[{"count":1,"href":"https:\/\/dig-stuttgart.de\/info\/wp-json\/wp\/v2\/posts\/6526\/revisions"}],"predecessor-version":[{"id":6527,"href":"https:\/\/dig-stuttgart.de\/info\/wp-json\/wp\/v2\/posts\/6526\/revisions\/6527"}],"wp:attachment":[{"href":"https:\/\/dig-stuttgart.de\/info\/wp-json\/wp\/v2\/media?parent=6526"}],"wp:term":[{"taxonomy":"category","embeddable":true,"href":"https:\/\/dig-stuttgart.de\/info\/wp-json\/wp\/v2\/categories?post=6526"},{"taxonomy":"post_tag","embeddable":true,"href":"https:\/\/dig-stuttgart.de\/info\/wp-json\/wp\/v2\/tags?post=6526"}],"curies":[{"name":"wp","href":"https:\/\/api.w.org\/{rel}","templated":true}]}}