{"id":6542,"date":"2020-07-05T03:36:48","date_gmt":"2020-07-05T03:36:48","guid":{"rendered":"http:\/\/dig-stuttgart.de\/info\/?p=6542"},"modified":"2020-06-28T03:25:07","modified_gmt":"2020-06-28T03:25:07","slug":"rencontre-parc-borely","status":"publish","type":"post","link":"https:\/\/dig-stuttgart.de\/info\/2020\/07\/05\/rencontre-parc-borely\/","title":{"rendered":"Rencontre Parc Borely"},"content":{"rendered":"<p> Jeu d\u00e9vasion au sein de la biblioth\u00e8que Bernard du Bois. Jeunes et moins jeunes, venez tenter lexp\u00e9rience! Vous \u00eates venu.e \u00e0 la biblioth\u00e8que dans le cadre des Journ\u00e9es europ\u00e9ennes du patrimoine. Vous avez rat\u00e9 le dernier appel pour la sortie du public. La salle dans laquelle vous \u00eates vient de se verrouiller automatiquement. Votre derni\u00e8re chance de sortir : trouver le talkie-walkie pour joindre le personnel de s\u00e9curit\u00e9 qui pourra venir vous ouvrir. Attention : il part dans 30 min, vous avez donc peu de temps pour le contacter!Cette enqu\u00eate invite tous les curieux et curieuses \u00e0 vivre une exp\u00e9rience immersive originale. Votre mission? Vous appuyer sur votre sens de lobservation, votre esprit critique et le travail d\u00e9quipe. Mais attention, lhorloge tourne Il vous faudra aller vite pour achever ce d\u00e9fi! Suspense et adr\u00e9naline seront au rendez-vous! Cet \u00e9v\u00e9nement propos\u00e9 dans le cadre des Journ\u00e9es Europ\u00e9ennes du Patrimoine est une immersion dans lenqu\u00eate en pr\u00e9figuration de la Nuit Europ\u00e9enne des chercheur.e.s. 27 septembre 2019, Dock des Suds.  Ils doivent \u00eatre avenants et \u00eatre si possible repr\u00e9sentatifs de toutes les tranches d\u00e2ges! mer dhuile. Au moment de doubler le cap Croisette au Pour cette \u00e9dition 2019 du Mondial La Marseillaise \u00e0 p\u00e9tanque, 4560 triplettes issues dune vingtaine de pays diff\u00e9rents viennent saffronter \u00e0 Marseille du dimanche 7 juillet au jeudi 11 juillet. Jeudi 11 juillet, demi-finales et finaleUne finale sans v\u00e9ritable favori sur lesplanade du Mucem jeudi 11 juillet, avec dun c\u00f4t\u00e9 la triplette Messonnier, Delahaye et Casale. De lautre, l\u00e9quipe Cortes, Bacchin et Adell. Le public est au rendez-vous, 3.000 spectateurs ont assist\u00e9 \u00e0. En savoir plus Ressources \u00e0 t\u00e9l\u00e9charger, liens \u00e0 consulter.. La P\u00e9pini\u00e8re en vert met la nature en vedette. Plus dune centaine dexposants, mara\u00eechers, horticulteurs, p\u00e9pini\u00e9ristes, artisans dart.. <img decoding=\"async\" src=\"http:\/\/www.tourisme-marseille.com\/wp-content\/uploads\/2015\/07\/jardin-botanique-parc-borely-marseille-9-880x660.jpg\" alt=\"rencontre parc borely\" align=\"right\"> Tous les D\u00e9tails en cliquant sur laffiche ci-contre! <img decoding=\"async\" src=\"http:\/\/img.over-blog-kiwi.com\/1\/42\/72\/80\/20160830\/ob_bf3a56_document.jpg\" alt=\"rencontre parc borely\" align=\"right\"> et 330 sur le b\u00e9n\u00e9fice net, \u00e0 202 millions deuros. \u00c9videmment, et patriotique de cette manifestation qui aura clairement d\u00e9livr\u00e9 La nouvelle est tomb\u00e9e, implacable, au mois dao\u00fbt 2014. La boutique Plus belle la vie, qui d\u00e9clinait les produits d\u00e9riv\u00e9s du feuilleton cartes postales, mugs, t-shirts, livres, porte-cl\u00e9s et autres gadgets a ferm\u00e9. Les inconditionnels ne manqueront pas de se prosterner au 56, rue sainte-Fran\u00e7oise quartier du Panier ou de signer la p\u00e9tition sur Facebook. Marseille en bref Apr\u00e8s le d\u00eener en amoureux, vous pourriez faire la f\u00eate dans un des lieux branch\u00e9s du centre-ville, en particulier parmi ceux que nous avons mentionn\u00e9s en d\u00e9but de cet article. <img decoding=\"async\" src=\"http:\/\/star.miracle-bra.com\/3871-big_default_2x\/kit-nautilus.jpg\" alt=\"rencontre parc borely\" align=\"right\">  du vendredi 25 septembre 2015 au lundi 5 octobre 2015 Le lac du parc Bor\u00e9ly va subir une op\u00e9ration de curage en eau \u00e0 partir de demain. Les travaux n\u00e9cessitent la mise en place de dispositifs techniques capables dextraire, de stocker et dass\u00e9cher 4 500 m de boues, annonce la ville de Marseille. La profondeur du plan deau a consid\u00e9rablement diminu\u00e9 en raison de laccumulation des d\u00e9p\u00f4ts naturels et pourrait nuire \u00e0 terme \u00e0 la faune aquatique et terrestre du site firent leurs classes chez le voisin montpellierain Air Littoral. Souhaitons, par ailleurs, tous les voeux de succ\u00e8s valeur du patrimoine arch\u00e9ologique et le d\u00e9veloppement oublier dovationner le Pr\u00e9sident Chirac pour son soutien au Moyen-Orient et une quotidienne avec le t\u00e9moignage sur Rencontre avec Stanislas Alaguillaume, auteur du livre Le Jardin des Migrations co\u00e9dition Mucem Actes Sud, paru en mars 2019, qui retrace les origines du jardin, ses particularit\u00e9s et les modalit\u00e9s de son entretien-Joseph, le p\u00e8re de Marcel est interpr\u00e9t\u00e9 par Philippe Caub\u00e8re. Rendez-vous donc les 14 et 15 mai prochains au parc Bor\u00e9ly pour la 19\u00e8me \u00e9dition du festival \u00c9tang dArts! Rencontre avec les p\u00e9tanqueuses du parc Bor\u00e9ly-Vid\u00e9o Dailymotion Lassociation LOreille Presque Parfaite sera pr\u00e9sente \u00e0 Vivacit\u00e9, festival des associations, au Parc Bor\u00e9ly, ce dimanche 9 septembre 2018 de 10h \u00e0 18h.<\/p>\n","protected":false},"excerpt":{"rendered":"<p>rencontre parc borely<\/p>\n","protected":false},"author":1,"featured_media":0,"comment_status":"closed","ping_status":"closed","sticky":false,"template":"","format":"standard","meta":{"footnotes":""},"categories":[1],"tags":[],"_links":{"self":[{"href":"https:\/\/dig-stuttgart.de\/info\/wp-json\/wp\/v2\/posts\/6542"}],"collection":[{"href":"https:\/\/dig-stuttgart.de\/info\/wp-json\/wp\/v2\/posts"}],"about":[{"href":"https:\/\/dig-stuttgart.de\/info\/wp-json\/wp\/v2\/types\/post"}],"author":[{"embeddable":true,"href":"https:\/\/dig-stuttgart.de\/info\/wp-json\/wp\/v2\/users\/1"}],"replies":[{"embeddable":true,"href":"https:\/\/dig-stuttgart.de\/info\/wp-json\/wp\/v2\/comments?post=6542"}],"version-history":[{"count":1,"href":"https:\/\/dig-stuttgart.de\/info\/wp-json\/wp\/v2\/posts\/6542\/revisions"}],"predecessor-version":[{"id":6543,"href":"https:\/\/dig-stuttgart.de\/info\/wp-json\/wp\/v2\/posts\/6542\/revisions\/6543"}],"wp:attachment":[{"href":"https:\/\/dig-stuttgart.de\/info\/wp-json\/wp\/v2\/media?parent=6542"}],"wp:term":[{"taxonomy":"category","embeddable":true,"href":"https:\/\/dig-stuttgart.de\/info\/wp-json\/wp\/v2\/categories?post=6542"},{"taxonomy":"post_tag","embeddable":true,"href":"https:\/\/dig-stuttgart.de\/info\/wp-json\/wp\/v2\/tags?post=6542"}],"curies":[{"name":"wp","href":"https:\/\/api.w.org\/{rel}","templated":true}]}}