{"id":6548,"date":"2020-07-05T07:06:53","date_gmt":"2020-07-05T07:06:53","guid":{"rendered":"http:\/\/dig-stuttgart.de\/info\/?p=6548"},"modified":"2020-06-28T03:28:05","modified_gmt":"2020-06-28T03:28:05","slug":"rencontre-en-europe","status":"publish","type":"post","link":"https:\/\/dig-stuttgart.de\/info\/2020\/07\/05\/rencontre-en-europe\/","title":{"rendered":"Rencontre En Europe"},"content":{"rendered":"<p>Par lOL, une \u00e9quipe compos\u00e9e de deux Marseillais, dun Vauclusien et dun Varois a remport\u00e9 ce week-end les championnats dEurope dimitation de chants doiseaux.  Auditorium de la Biblioth\u00e8que nationale et universitaire de Strasbourg Marie Couderc accompagn\u00e9e dans sa collecte de d\u00e9chets 2 Pas vers L Autre Avec ce projet Erasmus le R\u00e9seau Express Jeunesse met le dialogue structur\u00e9 en actions Objectif : promouvoir linclusion sociale des jeunes europ\u00e9ens et leur acc\u00e8s aux droits sociaux et de leur permettre de rencontrer directement les d\u00e9cideurs politiques. Le 12 juin 2020 The Cracked Cookies est un trio vocal f\u00e9minin d\u00e9licieusement f\u00eal\u00e9.. Vous ne pouvez t\u00e9l\u00e9charger cette statistique quen tant quutilisateur Premium. Chap\u00f4 : La Loire et l\u00eele Neuve-Macri\u00e8re vus depuis la promenade de Champalud, \u00e0 Champtoceaux Maine-et-Loire. CC0 Et pourtant, je ne peux pas abandonner. Je refuse m\u00eame lid\u00e9e de cet abandon. Cela engage pour moi une lutte politique. Le premier ministre doit dire que la France sans les Juifs nest plus la France, et il le dit. Que ce ne soit pas efficace, cest autre chose. Il garantit la condition de possibilit\u00e9 de la politique : la survie ici des Juifs, il dit que \u00e7a existe. On peut toujours rire et ironiser, mais \u00e7a existe, quelque chose comme \u00e7a existe encore qui sinqui\u00e8te de la survie des corps. On est dans une situation bloqu\u00e9e, mais on doit faire avec, il faut trouver les formes possibles pour la survie, cest aussi, cest surtout et dabord cela que jessaie de penser avec le mot politique. R\u00e9entendre le politique depuis ce point aussi minimal que radical est la condition dune relance du politique et dun d\u00e9sir de politique. Minimal et radical parce quexistentiel, engageant toujours la vie et la mort. Cest pourquoi je tiens quon ne peut pas, absolument pas, arr\u00eater de penser politiquement lEurope au nom de ce quon est coinc\u00e9s politiquement. Cette impasse doit \u00eatre un appel et pas un arr\u00eat. Un appel et une convocation de lavenir. Par St\u00e9phane Braunschweig, metteur en sc\u00e8ne et directeur de lOd\u00e9on-Th\u00e9\u00e2tre de lEurope, <img decoding=\"async\" src=\"http:\/\/sylvieguillaume.eu\/wp-content\/uploads\/2016\/09\/EYE.png\" alt=\"rencontre en europe\" align=\"center\"> D\u00e8s le d\u00e9but de la pand\u00e9mie, le Conseil de Direction de lUniversit\u00e9 de Fianarantsoa a pris des d\u00e9cisions portant sur la continuit\u00e9 des activit\u00e9s en son sein tant sur le plan administratif que p\u00e9dagogique. Bruno Blasselle est conservateur g\u00e9n\u00e9ral et directeur de la biblioth\u00e8que de lArsenal. Organis\u00e9e par lUniversit\u00e9 Technique Federico Santa Mar\u00eda Chili, lInstitut Universitaire de Technologie IUT Paris-Jussieu et lUniversit\u00e9 Paris Diderot France, cette rencontre a r\u00e9uni de nombreux experts chiliens et fran\u00e7ais en formation technologique et professionnelle.  Les sites de rencontre sont class\u00e9s en 3 cat\u00e9gories: On nous dit isolez vos maisons. Avant il y avait une subvention qui permettait de faire \u00e7a pour pas cher. Cette subvention a \u00e9t\u00e9 supprim\u00e9e. On nous dit il faut travailler pour l\u00e9cologie. Alors que vous vous apercevez que la taxe a \u00e9t\u00e9 faite pour renflouer les caisses de l\u00c9tat, qu\u00e0 peine 20 a \u00e9t\u00e9 mis sur l\u00e9cologie, le reste va sur les caisses de l\u00c9tat et pas sur l\u00e9cologie. Vous me parlez de lEurope? Ok. Macron je vais pas lui dire grand chose Chiche. Dites \u00e0 lEurope que les 3 pour cent on sen tamponne parce que ce nest pas le plus grave. Parce que le plus grave cest dans quel \u00e9tat la plan\u00e8te va \u00eatre pour les g\u00e9n\u00e9rations \u00e0 venir. Parce que nous dire quon va laisser une dette pour les g\u00e9n\u00e9rations \u00e0 venir Ils vont m\u00eame pas en profiter de la dette si on continue. Il vaut mieux investir : cr\u00e9er pour les \u00e9nergies nouvelles, faire du t\u00e9l\u00e9travail, rapprocher le travail du domicile et ne plus faire quon travaille dans un centre et faire quon est \u00e9loign\u00e9 de ce centre. Le t\u00e9l\u00e9travail vous travaillez chez vous, \u00e7a se fait \u00e9norm\u00e9ment dans les entreprises. Moins de transport. Moins de pollution.  <img decoding=\"async\" src=\"http:\/\/mondialsport.net\/images\/europe-de-grandes-rencontre-en-perspective-pour-ces-1-16es-de-finale-de-l-europa-league-2016-2017-1128-actu.jpg\" alt=\"rencontre en europe\" align=\"right\"> Jean-Paul de Filippi et Christophe Manivet sont passionn\u00e9s de chants doiseaux depuis lenfance J. Saint-Marc 20 Minutes <img decoding=\"async\" src=\"http:\/\/www.europarl.europa.eu\/belgium\/media\/static\/images\/evenementsbibrussels_2018\/top-story-eye_2018_tw.jpg\" alt=\"rencontre en europe\" align=\"left\">.<\/p>\n","protected":false},"excerpt":{"rendered":"<p>rencontre en europe<\/p>\n","protected":false},"author":1,"featured_media":0,"comment_status":"closed","ping_status":"closed","sticky":false,"template":"","format":"standard","meta":{"footnotes":""},"categories":[1],"tags":[],"_links":{"self":[{"href":"https:\/\/dig-stuttgart.de\/info\/wp-json\/wp\/v2\/posts\/6548"}],"collection":[{"href":"https:\/\/dig-stuttgart.de\/info\/wp-json\/wp\/v2\/posts"}],"about":[{"href":"https:\/\/dig-stuttgart.de\/info\/wp-json\/wp\/v2\/types\/post"}],"author":[{"embeddable":true,"href":"https:\/\/dig-stuttgart.de\/info\/wp-json\/wp\/v2\/users\/1"}],"replies":[{"embeddable":true,"href":"https:\/\/dig-stuttgart.de\/info\/wp-json\/wp\/v2\/comments?post=6548"}],"version-history":[{"count":1,"href":"https:\/\/dig-stuttgart.de\/info\/wp-json\/wp\/v2\/posts\/6548\/revisions"}],"predecessor-version":[{"id":6549,"href":"https:\/\/dig-stuttgart.de\/info\/wp-json\/wp\/v2\/posts\/6548\/revisions\/6549"}],"wp:attachment":[{"href":"https:\/\/dig-stuttgart.de\/info\/wp-json\/wp\/v2\/media?parent=6548"}],"wp:term":[{"taxonomy":"category","embeddable":true,"href":"https:\/\/dig-stuttgart.de\/info\/wp-json\/wp\/v2\/categories?post=6548"},{"taxonomy":"post_tag","embeddable":true,"href":"https:\/\/dig-stuttgart.de\/info\/wp-json\/wp\/v2\/tags?post=6548"}],"curies":[{"name":"wp","href":"https:\/\/api.w.org\/{rel}","templated":true}]}}