{"id":6556,"date":"2020-07-05T15:29:15","date_gmt":"2020-07-05T15:29:15","guid":{"rendered":"http:\/\/dig-stuttgart.de\/info\/?p=6556"},"modified":"2020-06-28T03:32:43","modified_gmt":"2020-06-28T03:32:43","slug":"rencontres-philosophiques-nantes","status":"publish","type":"post","link":"https:\/\/dig-stuttgart.de\/info\/2020\/07\/05\/rencontres-philosophiques-nantes\/","title":{"rendered":"Rencontres Philosophiques Nantes"},"content":{"rendered":"<p>Youhou! Premi\u00e8re aujourdhui samedi 30052020 \u00e0 11h ;-<img decoding=\"async\" src=\"http:\/\/hbcnantes.com\/wp-content\/uploads\/2014\/08\/HBCNantes-espace-partenaires.jpg\" alt=\"rencontres philosophiques nantes\" align=\"right\"> Semaine de la Philosophie au quartier mineurs de la prison de Nanterre, organis\u00e9e par Justine Bouchet, en pr\u00e9sence dEdwige Chirouter, du 10 au 14 f\u00e9vrier 2020 La Villa Arson, en partenariat avec le Th\u00e9\u00e2tre National de Nice, vous donne rendez-vous vendredi 4 et samedi 5 novembre pour un programme de conf\u00e9rences dans le prolongement de la Semaine de la Pop Philosophie Marseille. Depuis plusieurs ann\u00e9es vous \u00eates nombreux et nombreuses \u00e0 vous int\u00e9resser aux rendez-vous philo organis\u00e9s par la librairie lOdyss\u00e9e en partenariat avec lassociation Philosophia http:philosophia.fractivites-rencontresles-rendez-vous-philo-en-librairie et les.. Youhou! \u00c9crire la nature, Marie-H\u00e9l\u00e8ne Lafon est d\u00e9sormais en ligne ;-<img decoding=\"async\" src=\"http:\/\/www.cafepedagogique.net\/lemensuel\/lenseignant\/lettres\/philosophie\/PublishingImages\/153\/158_2.jpg\" alt=\"rencontres philosophiques nantes\" align=\"center\"> Avec lappui de votre manager, vous devrez atteindre les Colloque international 28 et 29 novembre 2019 Espace Jacques Demy Salle Jules Vall\u00e8s Nantes Marie-Morgane ABIVEN Histoire des sciences et des techniques, Humanit\u00e9s num\u00e9riques et m\u00e9thodes de conservation et valorisation des patrimoines maritimes. Lexemple des arsenaux de Brest et Venise -Juin 2017 : conf\u00e9rence au Museo de Arte Contemporaneo Santiago, Chili. Titre de la communication : La formation du jugement de go\u00fbt chez Rousseau P.Richard, Psdt de SgdbFrance, partage au Le_Moniteur son analyse sur les cons\u00e9quences de la crise sanit Vous vous \u00eates oppos\u00e9 au d\u00e9p\u00f4t de cookies de mesures daudience dans votre navigateur. <img decoding=\"async\" src=\"http:\/\/www.tohubohu-media.com\/wp-content\/uploads\/2016\/02\/une1.jpg\" alt=\"rencontres philosophiques nantes\" align=\"right\">  Jean-Jacques Rousseau, Anthologie de textes pr\u00e9sent\u00e9s et comment\u00e9s, collection Prismes, Paris, Hachette, 2001, 188 p.  Voix trac\u00e9es, tel est le nom du nouveau projet initi\u00e9 entre Angers Nantes Op\u00e9ra et le r\u00e9seau artur pour les ann\u00e9es 2020-2021. Cr\u00e9\u00e9 en 2000, artur est le r\u00e9seau daction culturelle des \u00e9tablissements agricoles publics de la r\u00e9gion Pays de la Loire. Rattach\u00e9 \u00e0 la direction r\u00e9gionale de lalimentation, de lagriculture et de la for\u00eat DRAAF, il regroupe principalement des enseignants en \u00e9ducation socio-culturelle qui initient et accompagnent laction artistique, culturelle et socio-culturelle aupr\u00e8s des jeunes. Le projet Voix trac\u00e9es prendra la forme dun appel \u00e0 projet aupr\u00e8s dintervenants qui animeront rencontres, r\u00e9sidences et pratiques artistiques sur deux ann\u00e9es autour de lop\u00e9ra, hors et dans les murs des th\u00e9\u00e2tres et des lyc\u00e9es. 4 fois 3 heures, sous la direction p\u00e9dagogique de Marie Cervoni, Agr\u00e9g\u00e9e de G\u00e9ographie, enseignante et formatrice en non-violence, elle exerce en coll\u00e8ge depuis 15 ans 3 Notions de philosophie-Novembre 2016 : conf\u00e9rence au Centre S\u00e8vres Facult\u00e9s J\u00e9suites Paris. Titre de la communication : Le chef, l\u00e9galit\u00e9, la fraternit\u00e9. Du mardi au samedi de 10h30 \u00e0 12h30 et de 13h30 \u00e0 18h30 Enter the email address you signed up with and well email you a reset link. 18 mars 2010 : Autonomie et vuln\u00e9rabilit\u00e9 en r\u00e9animation-anesth\u00e9sie, Carcassonne CH et comit\u00e9 d\u00e9thique du CH.<\/p>\n","protected":false},"excerpt":{"rendered":"<p>rencontres philosophiques nantes<\/p>\n","protected":false},"author":1,"featured_media":0,"comment_status":"closed","ping_status":"closed","sticky":false,"template":"","format":"standard","meta":{"footnotes":""},"categories":[1],"tags":[],"_links":{"self":[{"href":"https:\/\/dig-stuttgart.de\/info\/wp-json\/wp\/v2\/posts\/6556"}],"collection":[{"href":"https:\/\/dig-stuttgart.de\/info\/wp-json\/wp\/v2\/posts"}],"about":[{"href":"https:\/\/dig-stuttgart.de\/info\/wp-json\/wp\/v2\/types\/post"}],"author":[{"embeddable":true,"href":"https:\/\/dig-stuttgart.de\/info\/wp-json\/wp\/v2\/users\/1"}],"replies":[{"embeddable":true,"href":"https:\/\/dig-stuttgart.de\/info\/wp-json\/wp\/v2\/comments?post=6556"}],"version-history":[{"count":1,"href":"https:\/\/dig-stuttgart.de\/info\/wp-json\/wp\/v2\/posts\/6556\/revisions"}],"predecessor-version":[{"id":6557,"href":"https:\/\/dig-stuttgart.de\/info\/wp-json\/wp\/v2\/posts\/6556\/revisions\/6557"}],"wp:attachment":[{"href":"https:\/\/dig-stuttgart.de\/info\/wp-json\/wp\/v2\/media?parent=6556"}],"wp:term":[{"taxonomy":"category","embeddable":true,"href":"https:\/\/dig-stuttgart.de\/info\/wp-json\/wp\/v2\/categories?post=6556"},{"taxonomy":"post_tag","embeddable":true,"href":"https:\/\/dig-stuttgart.de\/info\/wp-json\/wp\/v2\/tags?post=6556"}],"curies":[{"name":"wp","href":"https:\/\/api.w.org\/{rel}","templated":true}]}}