{"id":6582,"date":"2020-07-05T20:15:52","date_gmt":"2020-07-05T20:15:52","guid":{"rendered":"http:\/\/dig-stuttgart.de\/info\/?p=6582"},"modified":"2020-06-28T03:40:13","modified_gmt":"2020-06-28T03:40:13","slug":"rencontres-sur-bordeaux-2012","status":"publish","type":"post","link":"https:\/\/dig-stuttgart.de\/info\/2020\/07\/05\/rencontres-sur-bordeaux-2012\/","title":{"rendered":"Rencontres Sur Bordeaux 2012"},"content":{"rendered":"<p>Osez participer! Assises de la participation 1 2012-Conseil de d\u00e9veloppement durable de Bordeaux M\u00e9tropole Professeur de droit priv\u00e9 \u00e0 luniversit\u00e9 Montesquieu Bordeaux IV, Xavier Daverat sest pench\u00e9 sur la litt\u00e9rature am\u00e9ricaine contemporaine et y voit des connexions avec Ellul. Celui-ci, en effet, constatait que les intellectuels am\u00e9ricains ne cessent de remettre en question leur soci\u00e9t\u00e9. Ils remettent en cause la soci\u00e9t\u00e9 technicienne, la soci\u00e9t\u00e9 de consommation, le tout informatique. En cela, Ellul pr\u00e9c\u00e8de le roman post-moderne. <img decoding=\"async\" src=\"http:\/\/www.judaicultures.info\/IMG\/jpg\/Ajmf_Grenoble.jpg\" alt=\"rencontres sur bordeaux 2012\" align=\"center\">  Organis\u00e9e en deux parties le matin : la qualit\u00e9-lapr\u00e8s-midi : lenvironnement, cette manifestation vise \u00e0 \u00e9changer et d\u00e9battre avec des professionnels sur ces th\u00e8mes au travers de t\u00e9moignages. Jeune doctorant en philosophie \u00e0 luniversit\u00e9 Montaigne Bordeaux III, Philippe Gruca \u00e9tablit un parall\u00e8le entre Ellul et le philosophe allemand G\u00fcnther Anders, futur mari de Hanna Arendt. N\u00e9 en 1902 \u00e0 Breslau, G\u00fcnther Stern est le fils de William Stern, linventeur du personnalisme en 1906. G\u00fcnther adopte le pseudonyme Anders. En allemand et rencontre Bertolt Brecht, qui lui met le pied \u00e0 l\u00e9trier. On le retrouve \u00e0 Paris en 1931, o\u00f9 il se lie avec Walter Benjamin, puis \u00e0 Francfort o\u00f9 il rencontre Adorno, et enfin \u00e0 Vienne o\u00f9 il sinstalle en 1950. Cest l\u00e0 que G\u00fcnther Anders met sur pied son concept de discr\u00e9pance discrepancy, en anglais. Il constate un d\u00e9calage entre nos facult\u00e9s conceptuelles et factuelles. Anders ne conna\u00eet pas Ellul, mais il le consid\u00e8re comme le Heidegger fran\u00e7ais. <img decoding=\"async\" src=\"http:\/\/sf2.sport365.fr\/wp-content\/uploads\/se\/2012\/07\/166449-750x410.jpg\" alt=\"rencontres sur bordeaux 2012\" align=\"center\"> Des rencontres aussi, entre les habitants du quartier, les clients connaisseurs et les promeneurs \u00e0 la recherche de lutile, de lagr\u00e9able et du simple bonheur de se laisser porter par lambiance musicale des artistes, chanteurs et musiciens pr\u00e9sents pendant tout le week-end. \u03a0\u03b1\u03bd\u03b5\u03c0\u03b9\u03c3\u03c4\u03b7\u03bc\u03b9\u03b1\u03ba\u03bf \u03bd\u03bf\u03c3\u03bf\u03ba\u03bf\u03bc\u03b5\u03b9\u03bf \u03b7\u03c1\u03b1\u03ba\u03bb\u03b5\u03b9\u03bf\u03c5 \u03c4\u03b7\u03bb 5 \u0395\u03af\u03b4\u03bf\u03c2\u03b7 Dimanche 31 mai, f\u00eate de Pentec\u00f4te : proposition dune c\u00e9l\u00e9bration liturgique domestique La p\u00e9riode difficile que nous vivons doit \u00eatre loccasion de r\u00e9interroger sans tabou tous les grands piliers sur lesquels le commerce du livre est b\u00e2ti. Nous avons questionn\u00e9 le syst\u00e8me de prix fixe \u00e0 plusieurs reprises ces derniers temps, \u00e0 loccasion du d\u00e9bat parlementaire sur le prix du livre num\u00e9rique en 2011 par exemple. Il est salutaire de ne jamais tenir aucune r\u00e9gulation, aucun syst\u00e8me comme d\u00e9finitivement acquis. Or je vois plusieurs autres dossiers quil me semblerait n\u00e9cessaire douvrir, pour la profession, dans des d\u00e9lais rapproch\u00e9s. Le 26 septembre?Jesp\u00e8re bien que Bordeaux sera plein ce jour l\u00e0. En tout cas, moi je serais peut-\u00eatre sur places!je vais voir mon planningpeut-\u00eatre que je vais minscrire dans cet agenda!  <img decoding=\"async\" src=\"http:\/\/medias.blogbmw.fr\/2014\/02\/P90141691-highRes-1680x600.jpg\" alt=\"rencontres sur bordeaux 2012\" align=\"left\"> Vingt-cinqui\u00e8mes Rencontres des acteurs de l\u00e9ducation \u00e0 lenvironnement  Concours et r\u00e9compenses : M\u00e9daille dOr au concours dAquitaine de Bordeaux 2015 la parole donn\u00e9e \u00e0 de jeunes chercheurs pour une mise en perspective et un propos engag\u00e9 faire rectifier ou supprimer les informations vous concernant, ainsi que d\u00e9finir les directives particuli\u00e8res 130620 Travaux de r\u00e9novation sur la RD938 entre Thouars et Montreuil-Bellay Salon des Vins des Vignerons Ind\u00e9pendants-Lyon Du 25 octobre 2018 au 29 octobre 2018 Lieux : HALLE TONY GARNIER Adresse La petite Mary navait que deux heures quand des agents des Services sociaux sont venus la soustraire de ses parents, Aur\u00e9lie et Maxime. Un matin lenfant..-les observations de Me Pessey, avocat de la REGION AQUITAINE, de M. X de la soci\u00e9t\u00e9 EMCE ;.<\/p>\n","protected":false},"excerpt":{"rendered":"<p>rencontres sur bordeaux 2012<\/p>\n","protected":false},"author":1,"featured_media":0,"comment_status":"closed","ping_status":"closed","sticky":false,"template":"","format":"standard","meta":{"footnotes":""},"categories":[1],"tags":[],"_links":{"self":[{"href":"https:\/\/dig-stuttgart.de\/info\/wp-json\/wp\/v2\/posts\/6582"}],"collection":[{"href":"https:\/\/dig-stuttgart.de\/info\/wp-json\/wp\/v2\/posts"}],"about":[{"href":"https:\/\/dig-stuttgart.de\/info\/wp-json\/wp\/v2\/types\/post"}],"author":[{"embeddable":true,"href":"https:\/\/dig-stuttgart.de\/info\/wp-json\/wp\/v2\/users\/1"}],"replies":[{"embeddable":true,"href":"https:\/\/dig-stuttgart.de\/info\/wp-json\/wp\/v2\/comments?post=6582"}],"version-history":[{"count":1,"href":"https:\/\/dig-stuttgart.de\/info\/wp-json\/wp\/v2\/posts\/6582\/revisions"}],"predecessor-version":[{"id":6583,"href":"https:\/\/dig-stuttgart.de\/info\/wp-json\/wp\/v2\/posts\/6582\/revisions\/6583"}],"wp:attachment":[{"href":"https:\/\/dig-stuttgart.de\/info\/wp-json\/wp\/v2\/media?parent=6582"}],"wp:term":[{"taxonomy":"category","embeddable":true,"href":"https:\/\/dig-stuttgart.de\/info\/wp-json\/wp\/v2\/categories?post=6582"},{"taxonomy":"post_tag","embeddable":true,"href":"https:\/\/dig-stuttgart.de\/info\/wp-json\/wp\/v2\/tags?post=6582"}],"curies":[{"name":"wp","href":"https:\/\/api.w.org\/{rel}","templated":true}]}}