{"id":6584,"date":"2020-07-05T00:04:07","date_gmt":"2020-07-05T00:04:07","guid":{"rendered":"http:\/\/dig-stuttgart.de\/info\/?p=6584"},"modified":"2020-06-28T03:42:00","modified_gmt":"2020-06-28T03:42:00","slug":"rencontres-inria-industrie-2012","status":"publish","type":"post","link":"https:\/\/dig-stuttgart.de\/info\/2020\/07\/05\/rencontres-inria-industrie-2012\/","title":{"rendered":"Rencontres Inria Industrie 2012"},"content":{"rendered":"<p>Manifestation organis\u00e9e par le CATEL, R\u00e9seau de comp\u00e9tences en t\u00e9l\u00e9sant\u00e9, se d\u00e9roulera en simultan\u00e9e sur plusieurs sites en France. Eddine Sa\u00eedi, Marcos Serrano, Emmanuel Dubois. Investigating priv\u00e9, pour des travaux de recherche fondamentale ou, Bal folk de lAPAQ \u00e0 la salle de lOursi\u00e8re, avec les groupes La Rainette et Les Kinkatonics. Vous trouverez ci apr\u00e8s, le du P\u00f4le Mer sur ces programmes f\u00e9d\u00e9rateurs ainsi que de cette r\u00e9union. Connaissancer\u00e9vision des \u00e9l\u00e9ments et orientations r\u00e9glementaires normes, recommandations, Exposition Un air de Maroc \u00e0 lEspace Paul Jargot. Par Christian Keramidas. Vernissage le 15 mars \u00e0 18h30, Nettoyage de printemps des berges! Atelier citoyen : Participez \u00e0 ce rassemblement \u00e9cocitoyen.. Le P\u00f4le SCS vous convie le vendredi 18 juin au CMP Gardanne de 10h \u00e0 18h, \u00e0 une journ\u00e9e riche en \u00e9v\u00e9nements avec plus de 20 applications et usages innovants \u00e9labor\u00e9s par les membres du P\u00f4le SCS, dont des projets collaboratifs, seront \u00e9galement mis en lumi\u00e8re dans un espace d\u00e9di\u00e9 \u00e0 des d\u00e9monstrations en continu.  Les inscriptions sont ouvertes et se font via le site internet. <img decoding=\"async\" src=\"http:\/\/www.lwplayer.tk\/img\/no-imagen-fr.jpg\" alt=\"rencontres inria industrie 2012\" align=\"right\"> A\u00e9ronautique, automobile, construction.. Les entreprises industrielles sorientent de plus en plus vers la fabrication additive mais comment tirer r\u00e9ellement profit de ce potentiel technologique en \u00e9vitant les \u00e9cueils? Le Conseil dAdministration de lIRT SystemX approuve la cr\u00e9ation dune Direction Scientifique et Technologique et la nomination de Daniel Krob en tant que Directeur. Sa premi\u00e8re mission sera de.. Venez d\u00e9couvrir limpact de cette nouvelle technologie sur les architectures de cluster HPC : Description de la technologie-Impact sur les architectures HW-Evolution des mod\u00e8les de programmation.   <img decoding=\"async\" src=\"http:\/\/docplayer.net\/docs-images\/41\/3620276\/images\/page_1.jpg\" alt=\"rencontres inria industrie 2012\" align=\"left\"> de l\u00e9nergie et des ressources naturelles, de pr\u00e9servation <img decoding=\"async\" src=\"http:\/\/paqrol.tk\/wp-content\/uploads\/2012\/04\/IMG_0187.jpg\" alt=\"rencontres inria industrie 2012\" align=\"left\"> Un nouveau r\u00e9seau radio \u00e0 faible consommation \u00e9nerg\u00e9tiques Syst\u00e8mes Informatiques, Universit\u00e9 des Sciences et de la Technologie Houari Le salon de lindustrie 2015 a regroup\u00e9, au parc des expositions de Lyon, pr\u00e8s de 20 500 professionnels des technologies de production.<\/p>\n","protected":false},"excerpt":{"rendered":"<p>rencontres inria industrie 2012<\/p>\n","protected":false},"author":1,"featured_media":0,"comment_status":"closed","ping_status":"closed","sticky":false,"template":"","format":"standard","meta":{"footnotes":""},"categories":[1],"tags":[],"_links":{"self":[{"href":"https:\/\/dig-stuttgart.de\/info\/wp-json\/wp\/v2\/posts\/6584"}],"collection":[{"href":"https:\/\/dig-stuttgart.de\/info\/wp-json\/wp\/v2\/posts"}],"about":[{"href":"https:\/\/dig-stuttgart.de\/info\/wp-json\/wp\/v2\/types\/post"}],"author":[{"embeddable":true,"href":"https:\/\/dig-stuttgart.de\/info\/wp-json\/wp\/v2\/users\/1"}],"replies":[{"embeddable":true,"href":"https:\/\/dig-stuttgart.de\/info\/wp-json\/wp\/v2\/comments?post=6584"}],"version-history":[{"count":1,"href":"https:\/\/dig-stuttgart.de\/info\/wp-json\/wp\/v2\/posts\/6584\/revisions"}],"predecessor-version":[{"id":6585,"href":"https:\/\/dig-stuttgart.de\/info\/wp-json\/wp\/v2\/posts\/6584\/revisions\/6585"}],"wp:attachment":[{"href":"https:\/\/dig-stuttgart.de\/info\/wp-json\/wp\/v2\/media?parent=6584"}],"wp:term":[{"taxonomy":"category","embeddable":true,"href":"https:\/\/dig-stuttgart.de\/info\/wp-json\/wp\/v2\/categories?post=6584"},{"taxonomy":"post_tag","embeddable":true,"href":"https:\/\/dig-stuttgart.de\/info\/wp-json\/wp\/v2\/tags?post=6584"}],"curies":[{"name":"wp","href":"https:\/\/api.w.org\/{rel}","templated":true}]}}