{"id":6594,"date":"2020-07-05T09:57:04","date_gmt":"2020-07-05T09:57:04","guid":{"rendered":"http:\/\/dig-stuttgart.de\/info\/?p=6594"},"modified":"2020-06-28T03:49:35","modified_gmt":"2020-06-28T03:49:35","slug":"rencontre-tim-burton-cinematheque","status":"publish","type":"post","link":"https:\/\/dig-stuttgart.de\/info\/2020\/07\/05\/rencontre-tim-burton-cinematheque\/","title":{"rendered":"Rencontre Tim Burton Cin\u00e9math\u00e8que"},"content":{"rendered":"<p>Ce site a \u00e9t\u00e9 r\u00e9alis\u00e9 dans le cadre du projet, mis en place par le et soutenu par le Menu Apr\u00e8s lexposition Tim Burton et son succ\u00e8s surprise aupr\u00e8s des plus jeunes Les Enfants du Paradis sera \u00e0 lhonneur \u00e0 partir du 24 octobre prochain. Voil\u00e0 qui nous permettra de red\u00e9couvrir ce chef-d\u0153uvre de Marcel Carn\u00e9 et de Jacques Pr\u00e9vert. Des sources dinspiration \u00e0 la sortie du film en 1945, lexposition mettra laccent sur les conditions particuli\u00e8res du tournage qui a eu lieu sous loccupation. Kino, n 002, 1991. Iannis Katsahnias, Fatalni fikcij  Commentaires sur La Cin\u00e9math\u00e8que Paris : lExposition Tim Burton en Angleterre, le film, qui d\u00e9croche l Oscar des meilleurs d\u00e9cors, sort en salles le 19 novembre 1999 et rencontre son public. Beau succ\u00e8s, il reste lun des films les plus r\u00e9ussis du r\u00e9alisateur. Le weekend, de 10h \u00e0 15h30, Op\u00e9ra Garnier, Paris Ier. <img decoding=\"async\" src=\"http:\/\/3.bp.blogspot.com\/-R0Vu9CTN1jQ\/Tz6P4gN6XoI\/AAAAAAAABxs\/cxMllLC-x0\/s640\/Expo_TimBurton_3.jpeg\" alt=\"rencontre tim burton cin\u00e9math\u00e8que\" align=\"left\"> 18 commentaires sur Exposition Tim Burton A la Cin\u00e9math\u00e8que fran\u00e7aise  <img decoding=\"async\" src=\"http:\/\/www.cine-woman.fr\/wp-content\/uploads\/2013\/06\/images_juin2013_affiche-saison-13-14-2.jpg\" alt=\"rencontre tim burton cin\u00e9math\u00e8que\" align=\"left\"> Entretien avec le cin\u00e9aste et pr\u00e9sident de la Cin\u00e9math\u00e8que : Costa-Gavras Des changements des textures au sol permettent de suivre une direction par d\u00e9tection au pied ou \u00e0 la canne. Cheminements int\u00e9rieurs rep\u00e9rables visuellement audioguide avec \u00e9l\u00e9ments de guidage obstacles \u00e0 hauteur de visage neutralis\u00e9s ou absents Il se retrouve pleinement dans le sc\u00e9nario de Sleepy Hollow : ambiance sombre et gothique, cadavres d\u00e9capit\u00e9s en s\u00e9rie, humour noir, d\u00e9mon sans t\u00eate Kevin Yagher, responsable des effets sp\u00e9ciaux de la s\u00e9rie Les Contes de la crypte, sassocie avec, auteur du sc\u00e9nario de Seven, pour adapter la nouvelle \u00e9ponyme de Washington Irving. Le tournage se d\u00e9roule en Angleterre, et plusieurs collaborateurs de sont sollicit\u00e9s. Toujours peu enclin aux effets sp\u00e9ciaux num\u00e9riques, qui sont limit\u00e9s au strict minimum pour un film de ce genre, Burton concentre toute lattention de son \u00e9quipe artistique sur les d\u00e9cors, allant jusqu\u00e0 r\u00e9aliser lui-m\u00eame certains arbres de la for\u00eat. Appuy\u00e9 par, Michael Gough, et Christopher Walken dans le r\u00f4le du cavalier sans t\u00eate, le cin\u00e9aste renoue avec le succ\u00e8s critique et commercial, malgr\u00e9 la classification R interdit aux moins de 17 ans non accompagn\u00e9s dun adulte aux \u00c9tats-Unis. Il d\u00e9clare \u00e0 ce propos : en tournant Sleepy Hollow, jai pens\u00e9 \u00e0 mes r\u00e9actions de spectateur enfant : je d\u00e9testais que lon me m\u00e9nage, je voulais \u00eatre confront\u00e9 aux images, si dures soient-elles. Je me souviens de mes cris lorsque jai vu Le Masque du d\u00e9mon de Mario Bava. Crier \u00e9tait pourtant une des mani\u00e8res les plus rassurantes davoir peur puisque le film \u00e9tait une fantaisie. Elfman compose pour loccasion une musique sombre et tortur\u00e9e. Sorti en 1999, le film est un grand succ\u00e8s international r\u00e9compens\u00e9 par lOscar de la meilleure direction artistique. Il est un r\u00e9capitulatif de l\u0153uvre de Burton : citrouille, humour noir, ambiance gothique, moulin en feu, l\u00e9gende m\u00e9di\u00e9vale d\u00e9moniaque Par ce film, Burton paye par ailleurs sa dette \u00e0 Mario Bava, ma\u00eetre du giallo italien. Commissariat : Jenny He et Ron Magliozzi avec Rajendra Roy MoMA. ________________________________________________________________________________________________________Article du site : ali\u00e9n\u00e9e moyenne Messages: 262 Inscription: Ven Nov 11, 2005 9:02 am Localisation: Paris Film danimation culte: Alice  <img decoding=\"async\" src=\"http:\/\/cine-rencontres.org\/images\/affiche-cr2017-vierge.jpg\" alt=\"rencontre tim burton cin\u00e9math\u00e8que\" align=\"right\"> Projection des films et travaux d\u00e9tudiants d\u00e9coles dart et danimation qui ont \u0153uvr\u00e9 eux aussi autour du th\u00e8me des horreurs enfantines. Avant que les fr\u00e8res Lumi\u00e8re, avec le Cin\u00e9matographe, mettent au point la Disponible depuis le 2 mai 2020 sur HBO, OCS US24 et en replay, avec Ardelia Lovelace, Nina Moran, Ajani Russell, Rachelle Vinberg, Moonbear On rencontre un Tim Burton cin\u00e9aste, dessinateur, peintre, photographe, inventeur et vid\u00e9aste \u00e0 travers 700 pi\u00e8ces qui refl\u00e8tent toutes un style bien \u00e0 lui. Cest un monde \u00e0 la fois pop, gothique et surr\u00e9aliste o\u00f9 le macabre devient charmant, o\u00f9 les morts dansent et o\u00f9 lenfance demeure un \u00e9tat perp\u00e9tuel. Storyboard de LEtrange No\u00ebl de Monsieur Jack 1993. Encre, marqueur et crayon de couleur sur papier Cr\u00e9dit photo : Collection priv\u00e9e 2011 Tim Burton Avenue du Mail-17670 LA COUARDE SUR MER Ile de R\u00e9.<\/p>\n","protected":false},"excerpt":{"rendered":"<p>rencontre tim burton cin\u00e9math\u00e8que<\/p>\n","protected":false},"author":1,"featured_media":0,"comment_status":"closed","ping_status":"closed","sticky":false,"template":"","format":"standard","meta":{"footnotes":""},"categories":[1],"tags":[],"_links":{"self":[{"href":"https:\/\/dig-stuttgart.de\/info\/wp-json\/wp\/v2\/posts\/6594"}],"collection":[{"href":"https:\/\/dig-stuttgart.de\/info\/wp-json\/wp\/v2\/posts"}],"about":[{"href":"https:\/\/dig-stuttgart.de\/info\/wp-json\/wp\/v2\/types\/post"}],"author":[{"embeddable":true,"href":"https:\/\/dig-stuttgart.de\/info\/wp-json\/wp\/v2\/users\/1"}],"replies":[{"embeddable":true,"href":"https:\/\/dig-stuttgart.de\/info\/wp-json\/wp\/v2\/comments?post=6594"}],"version-history":[{"count":1,"href":"https:\/\/dig-stuttgart.de\/info\/wp-json\/wp\/v2\/posts\/6594\/revisions"}],"predecessor-version":[{"id":6595,"href":"https:\/\/dig-stuttgart.de\/info\/wp-json\/wp\/v2\/posts\/6594\/revisions\/6595"}],"wp:attachment":[{"href":"https:\/\/dig-stuttgart.de\/info\/wp-json\/wp\/v2\/media?parent=6594"}],"wp:term":[{"taxonomy":"category","embeddable":true,"href":"https:\/\/dig-stuttgart.de\/info\/wp-json\/wp\/v2\/categories?post=6594"},{"taxonomy":"post_tag","embeddable":true,"href":"https:\/\/dig-stuttgart.de\/info\/wp-json\/wp\/v2\/tags?post=6594"}],"curies":[{"name":"wp","href":"https:\/\/api.w.org\/{rel}","templated":true}]}}