{"id":6602,"date":"2020-07-05T20:06:08","date_gmt":"2020-07-05T20:06:08","guid":{"rendered":"http:\/\/dig-stuttgart.de\/info\/?p=6602"},"modified":"2020-06-28T03:56:09","modified_gmt":"2020-06-28T03:56:09","slug":"liga-rencontres","status":"publish","type":"post","link":"https:\/\/dig-stuttgart.de\/info\/2020\/07\/05\/liga-rencontres\/","title":{"rendered":"Liga Rencontres"},"content":{"rendered":"<p>Votre adresse de messagerie est uniquement utilis\u00e9e pour vous envoyer notre newsletter. Sauvegarder vos pr\u00e9f\u00e9rences, telles que la langue, le lieu, le nombre de r\u00e9sultats de recherche \u00e0 afficher, etc. Athletic Bilbao 1-0 Villarreal Dim. 01 mars \u00e0 14h00 Football mardi \u00e0 19:55 Football: Juanma Lillo nouvel adjoint de Pep Guardiola \u00e0 Manchester City Construisez votre profil et rencontrez les professionnels des pays, individuellement ou r\u00e9unis en d\u00e9l\u00e9gations tels que le Japon, la Chine, la Malaisie, la Belgique, le Chili, la Russie, lArgentine, le Mexique, le Royaume-Uni ou encore lAfrique du Sud et connectez-vous en direct avec eux par live-chat. Suivez lactualit\u00e9 du pari sportif en ligne l\u00e9gal en France <img decoding=\"async\" src=\"http:\/\/bonus-paris-sportif.com\/wp-content\/uploads\/2015\/04\/Netbet-barcelone-psg-champions-league-47.jpg\" alt=\"liga rencontres\" align=\"right\"> Richard Feuz a \u00e9t\u00e9 nomm\u00e9 directeur administratif du Servette. Le Genevois de 28 ans a d\u00e9marr\u00e9 sa carri\u00e8re au Servette en 2016. Il a \u00e9t\u00e9 lun des artisans du d\u00e9veloppement du football f\u00e9minin au sein du SFC dont il a pris la direction administrative et sportive. Il est aussi \u00e0 la base de la cr\u00e9ation dune section eSports dans le club.  <img decoding=\"async\" src=\"http:\/\/static.goal.com\/36400\/36419_gallery.jpg\" alt=\"liga rencontres\" align=\"right\"> \ufe0f Al Di St\u00e9fano para remontar en MARCA marca  Pour toutes les actualit\u00e9s en lien avec le cancer, cet espace presse vous permettra de d\u00e9couvrir nos communiqu\u00e9s de presse, dossiers de presse, prises de paroles, r\u00e9alisations, de nous contacter pour une interview ou un t\u00e9moignage. Espanyol Barcelone 2-4 Osasuna Dim. 01 d\u00e9cembre \u00e0 16h00 R\u00e9sultats Liga Espagnole-Journ\u00e9e 28-110620 FC S\u00e9ville La saison derni\u00e8re, les deux \u00e9quipes avaient termin\u00e9 au coude \u00e0 coude, terminant respectivement 6\u00e8me et 7\u00e8me du championnat avec 45 et 44 points au compteur. Sur le papier, cette rencontre sannonce donc serr\u00e9e, si ce nest que le club de Zhodino a bien mieux entam\u00e9 lexercice 2020 que son futur adversaire. Confirmation ce vendredi 17h au Stadion Torpedo?  FC S\u00e9ville 3-2 Real Sociedad Dim. 29 septembre \u00e0 21h00 Newsletter-Lessentiel de lactuChaque matin, lactualit\u00e9 vue par Le Parisien David Villa a fait son retour en comp\u00e9tition officielle face \u00e0 la Real Sociedad 5-1. Entr\u00e9 en jeu en seconde p\u00e9riode, lattaquant sest m\u00eame permis Real Sociedad 3-0 Alav\u00e9s Jeu. 26 septembre \u00e0 21h00 Et samedi dernier \u00e0 Argir, dans la banlieue de T\u00f3rshavn, la capitale des F\u00e9ro\u00e9, le premier coup sifflet a \u00e9t\u00e9 donn\u00e9. Eu \u00e9gard aux restrictions sanitaires en vigueur, le match sest jou\u00e9 \u00e0 huis clos. Les joueurs de la formation locale du ont donc rechauss\u00e9 les crampons pour recevoir leur adversaire du jour, le. Au terme des 90 minutes, les deux \u00e9quipes se sont quitt\u00e9es sur un score nul et vierge. Inscrivez-vous via notre formulaire et assurez-vous de recevoir en exclusivit\u00e9 le calendrier du FC Barcelone pour la saison 2020-2021 d\u00e9s son officialisation par la Ligue. La Ligue des champions 2019-2020, interrompue par le coronavirus, se terminera sous forme de tournoi en ao\u00fbt \u00e0 Lisbonne, avec une finale le 22 ou le 23 du mois, affirme vendredi le Bild. Pour lEuropa League, qui sest arr\u00eat\u00e9e comme la Ligue des champions au stade des 8e de finale, cest la r\u00e9gion de Cologne qui tient la corde, selon le site du grand quotidien populaire. Les deux tournois se joueraient par matches uniques \u00e0 \u00e9limination directe, \u00e0 partir des quarts de finale. Les d\u00e9cisions officielles sur ces deux comp\u00e9titions doivent \u00eatre prises lors du comit\u00e9 ex\u00e9cutif de lUEFA, pr\u00e9vu les 17 et 18 juin. <img decoding=\"async\" src=\"http:\/\/media1.fcbarcelona.com\/media\/asset_publics\/resources\/000\/016\/220\/size_640x360\/chelsea-fcb.v1334678637.jpg\" alt=\"liga rencontres\" align=\"right\"> Real Madrid 0-0 Betis S\u00e9ville Sam. 02 novembre \u00e0 21h00 Il semblerait tout de m\u00eame que lid\u00e9al serait de boucler la saison pour le 30 juin pour \u00e9viter le probl\u00e8me des joueurs en fin de contrat et les changements de sponsors.<\/p>\n","protected":false},"excerpt":{"rendered":"<p>liga rencontres<\/p>\n","protected":false},"author":1,"featured_media":0,"comment_status":"closed","ping_status":"closed","sticky":false,"template":"","format":"standard","meta":{"footnotes":""},"categories":[1],"tags":[],"_links":{"self":[{"href":"https:\/\/dig-stuttgart.de\/info\/wp-json\/wp\/v2\/posts\/6602"}],"collection":[{"href":"https:\/\/dig-stuttgart.de\/info\/wp-json\/wp\/v2\/posts"}],"about":[{"href":"https:\/\/dig-stuttgart.de\/info\/wp-json\/wp\/v2\/types\/post"}],"author":[{"embeddable":true,"href":"https:\/\/dig-stuttgart.de\/info\/wp-json\/wp\/v2\/users\/1"}],"replies":[{"embeddable":true,"href":"https:\/\/dig-stuttgart.de\/info\/wp-json\/wp\/v2\/comments?post=6602"}],"version-history":[{"count":1,"href":"https:\/\/dig-stuttgart.de\/info\/wp-json\/wp\/v2\/posts\/6602\/revisions"}],"predecessor-version":[{"id":6603,"href":"https:\/\/dig-stuttgart.de\/info\/wp-json\/wp\/v2\/posts\/6602\/revisions\/6603"}],"wp:attachment":[{"href":"https:\/\/dig-stuttgart.de\/info\/wp-json\/wp\/v2\/media?parent=6602"}],"wp:term":[{"taxonomy":"category","embeddable":true,"href":"https:\/\/dig-stuttgart.de\/info\/wp-json\/wp\/v2\/categories?post=6602"},{"taxonomy":"post_tag","embeddable":true,"href":"https:\/\/dig-stuttgart.de\/info\/wp-json\/wp\/v2\/tags?post=6602"}],"curies":[{"name":"wp","href":"https:\/\/api.w.org\/{rel}","templated":true}]}}