{"id":6608,"date":"2020-07-05T09:54:15","date_gmt":"2020-07-05T09:54:15","guid":{"rendered":"http:\/\/dig-stuttgart.de\/info\/?p=6608"},"modified":"2020-06-28T04:03:06","modified_gmt":"2020-06-28T04:03:06","slug":"rencontre-cauchy-a-la-tour","status":"publish","type":"post","link":"https:\/\/dig-stuttgart.de\/info\/2020\/07\/05\/rencontre-cauchy-a-la-tour\/","title":{"rendered":"Rencontre Cauchy A La Tour"},"content":{"rendered":"<p>Coordonn\u00e9es nom de lancien locataire ou plus simplement le num\u00e9ro de votre compteur Rencontre femme Cauchy-\u00e0-la-Tour-site de rencontre gratuit Cauchy-\u00e0-la-Tour  Pour toute autre question vous pouvez nous joindre dans notre rubrique contact.   Apr\u00e8s une interview sur Europe 1, au Parisien et \u00e0 T\u00e9l\u00e9rama ainsi quune tribune dans LExpress la semaine pass\u00e9e, le ministre de la Culture, Franck Riester, est invit\u00e9 ce mardi 12 mai entre 18h15 et 19h sur France Culture dans l\u00e9mission Le Temps du d\u00e9bat, a indiqu\u00e9 la station. Au lendemain du Depuis toute petite, je vis avec des animaux plus ou moins gros: chiens, chats, cochon dinde, cheval, poney, ch\u00e8vres.. Avec mon copain, no.. Alors que deux v\u00e9hicules \u00e9taient arr\u00eat\u00e9s au feu rouge en face du lyc\u00e9e de travaux publics, sur la D188, un troisi\u00e8me les a percut\u00e9s. Il \u00e9tait environ 16 h.. Ils ne sont plus quune centaine, \u00e0 osciller entre espoir et d\u00e9sespoir au camp de migrants de Norrent-Fontes. Depuis la fermeture du parking de laire de Saint.. Chaque semaine, P\u00f4le emploi publie des offres demploi dans le Nord et Pas-de-Calais <img decoding=\"async\" src=\"http:\/\/p6.storage.canalblog.com\/65\/83\/650952\/62332958.jpg\" alt=\"rencontre cauchy a la tour\" align=\"center\"> IAATA est un m\u00e9dia collaboratif, encourageant les participations des personnes qui sont dans la r\u00e9gion midi-pyr\u00e9n\u00e9es. Il nest absolument pas compos\u00e9 de professionel.le.s ni de chef.fe.s. Recherche Si vous souhaitez avoir davantage dinformations concernant vos informations sur votre compteur \u00e0 Cauchy-\u00c0-La-Tour, il est possible daller sur votre espace client EDF. Les informations sur ErDF Nord-Pas-De-Calais Le 8 juin, plusieurs collectifs, assembl\u00e9es et associations f\u00e9ministes appellent \u00e0 une journ\u00e9e de mobilisation f\u00e9ministe! Mr le Maire : Nest-ce pas Monsieur Maniez? Monsieur Maniez le confirme. Le Maire est responsable du moment quil signe et quil met la Marianne, il est responsable Ce site cr\u00e9\u00e9 en 2001 est anim\u00e9 b\u00e9n\u00e9volement par des m\u00e9decins du travail et des pr\u00e9venteurs en sant\u00e9 au travail regroup\u00e9s en une association ind\u00e9pendante. Son objectif principal est de mettre en commun des fiches de m\u00e9tiers et des fiches de risques professionnels. Toutes les personnes qui se sentent concern\u00e9es par la sant\u00e9 et la s\u00e9curit\u00e9 au travail peuvent participer \u00e0 la vie du site par leurs remarques et suggestions. <img decoding=\"async\" src=\"http:\/\/chokladblokggen.gq\/userfiles\/erica160.jpg\" alt=\"rencontre cauchy a la tour\" align=\"center\"> <img decoding=\"async\" src=\"http:\/\/vietnam.in2p3.fr\/2014\/exo\/images\/Poster14.jpg\" alt=\"rencontre cauchy a la tour\" align=\"center\"> Au cours dune vie, nous rencontrons plusieurs amours : le premier amour, lamour m\u00e9fiant ou encore linattendue.. D\u00e9couvrez lapplication LExpress T\u00e9l\u00e9chargez Non merci \u00c0 quand un distributeur de fromages de la r\u00e9gion dans nos gares? ma photo en blouson bleu est du mois de septembre.. R\u00e9gion: Voici deja plus de 7 ans que jaccueille chaque mois les bras ouverts des chiens,chats et rongeurs \u00e0 mon domicile. Ici cest comme la mais.. Je me pr\u00e9sente Romain 21ans-c\u00e9libataire et du Pas De Calais je suis ici pour faire des rencontres pour une relation s\u00e9rieuse dans le Pas De Calais. Recherche: Relation s\u00e9rieuse et durable et sinc\u00e8re dans le Pas De Calais Cimeti\u00e8re communal de Cauchy-\u00e0-la-Tour-Cauchy-\u00e0-la-Tour, France-Geneanet.<\/p>\n","protected":false},"excerpt":{"rendered":"<p>rencontre cauchy a la tour<\/p>\n","protected":false},"author":1,"featured_media":0,"comment_status":"closed","ping_status":"closed","sticky":false,"template":"","format":"standard","meta":{"footnotes":""},"categories":[1],"tags":[],"_links":{"self":[{"href":"https:\/\/dig-stuttgart.de\/info\/wp-json\/wp\/v2\/posts\/6608"}],"collection":[{"href":"https:\/\/dig-stuttgart.de\/info\/wp-json\/wp\/v2\/posts"}],"about":[{"href":"https:\/\/dig-stuttgart.de\/info\/wp-json\/wp\/v2\/types\/post"}],"author":[{"embeddable":true,"href":"https:\/\/dig-stuttgart.de\/info\/wp-json\/wp\/v2\/users\/1"}],"replies":[{"embeddable":true,"href":"https:\/\/dig-stuttgart.de\/info\/wp-json\/wp\/v2\/comments?post=6608"}],"version-history":[{"count":1,"href":"https:\/\/dig-stuttgart.de\/info\/wp-json\/wp\/v2\/posts\/6608\/revisions"}],"predecessor-version":[{"id":6609,"href":"https:\/\/dig-stuttgart.de\/info\/wp-json\/wp\/v2\/posts\/6608\/revisions\/6609"}],"wp:attachment":[{"href":"https:\/\/dig-stuttgart.de\/info\/wp-json\/wp\/v2\/media?parent=6608"}],"wp:term":[{"taxonomy":"category","embeddable":true,"href":"https:\/\/dig-stuttgart.de\/info\/wp-json\/wp\/v2\/categories?post=6608"},{"taxonomy":"post_tag","embeddable":true,"href":"https:\/\/dig-stuttgart.de\/info\/wp-json\/wp\/v2\/tags?post=6608"}],"curies":[{"name":"wp","href":"https:\/\/api.w.org\/{rel}","templated":true}]}}