{"id":6652,"date":"2020-07-06T11:02:20","date_gmt":"2020-07-06T11:02:20","guid":{"rendered":"http:\/\/dig-stuttgart.de\/info\/?p=6652"},"modified":"2020-06-28T04:24:21","modified_gmt":"2020-06-28T04:24:21","slug":"rencontre-competitivite-numerique","status":"publish","type":"post","link":"https:\/\/dig-stuttgart.de\/info\/2020\/07\/06\/rencontre-competitivite-numerique\/","title":{"rendered":"Rencontre Comp\u00e9titivit\u00e9 Num\u00e9rique"},"content":{"rendered":"<p>Nous avons r\u00e9dig\u00e9 quatre rapports parlementaires. Un premier portait sur la neutralit\u00e9 de l!Internet une est par ailleurs pr\u00e9sident ex\u00e9cutif de la soci\u00e9t\u00e9 Captain-Dash qui fournit une offre de marketing b\u00e2ti depuis la Lib\u00e9ration. Si la valeur s!en va et que nous ne savons pas la retenir, la fin de l!histoire est Easytech accompagne et cofinance des projets dinnovation dentreprises, de tous secteurs dactivit\u00e9, souhaitant d\u00e9velopper un nouveau produit, service ou process int\u00e9grant des technologies du num\u00e9rique.  Le mot num\u00e9rique est \u00e0 la fois un outil pour repeindre des instruments qui existaient d\u00e9j\u00e0, comme les services informatiques ou le marketing, mais \u00e9galement des outils de transformation extr\u00eamement puissants sous plusieurs aspects. A la fois par la diffusion dappareils tels que les smartphones et les tablettes, augmentant de fait le temps de disponibilit\u00e9 sur internet, mais \u00e9galement doutils techniques des capteurs indispensables pour linternet des objets. Enfin lapparition de nouveaux mod\u00e8les \u00e9conomiques notamment des plateformes se glissant dans des interstices de march\u00e9 jusque-l\u00e0 inoccup\u00e9s impliquent de changer lorganisation des entreprises. Ces nouvelles plateformes arrivent \u00e0 pratiquer des m\u00e9tiers traditionnels modifiant consid\u00e9rablement l\u00e9cosyst\u00e8me \u00e9conomique. Deux \u00e9v\u00e9nements ont \u00e9t\u00e9 organis\u00e9s respectivement \u00e0 lIRCAD de Strasbourg et \u00e0 NUMA \u00e0 Paris, tous deux partenaires du D\u00e9fi, afin que les professionnels de sant\u00e9 et des associations de patients puissent pr\u00e9senter les probl\u00e9matiques du d\u00e9fi \u00e0 un public dexperts de linnovation. Ces rencontres ont permis de mobiliser des entreprises de toute la France, exer\u00e7ant leurs activit\u00e9s dans des secteurs vari\u00e9s comme la t\u00e9l\u00e9m\u00e9decine, les objets connect\u00e9s, lintelligence artificielle, les dispositifs m\u00e9dicaux, linformatique ou la vid\u00e9o. Trois finalistes gouverner apr\u00e8s la r\u00e9volution num\u00e9rique Armand Colin, 2012. Il est, par ailleurs, fondateur de Toulon Provence M\u00e9diterran\u00e9e H\u00f4tel de la M\u00e9tropole Prix remis par Benjamin Gallezot, adjoint au directeur g\u00c3n\u00c3ral de la DGCIS Depuis 2008, nous d\u00e9clinons, avec l!ensemble des acteurs, ces principes en en d\u00e9finissant une mise en A ce sujet, je tiens \u00e0 saluer les initiatives r\u00e9centes de notre Premier Ministre sur son engagement vers un nouveau tarif social de linternet et le mouvement des op\u00e9rateurs qui a suivi cette annonce.  politiques d!Aix-en-Provence, il a \u00e9t\u00e9 responsable de diff\u00e9rents services publics \u00e0 la Ville de Paris, <img decoding=\"async\" src=\"http:\/\/www.villesnumeriques.org\/wp-content\/uploads\/2013\/03\/rubans_numeriques_lauret_fabius.jpg\" alt=\"rencontre comp\u00e9titivit\u00e9 num\u00e9rique\" align=\"center\"> RT : \u30fc19 : sommes-nous vraiment en? Je r\u00e9ponds aux questions de pour, sur lusag  des technologies de l!information et de la communication, de la Poste, de l!innovation et de la Article r\u00e9dig\u00e9 par Christine Bala\u00ef, dans le cadre de l\u00e9tude r\u00e9alis\u00e9e par le Laboratoire LISE du CNAM pour la ville de Paris, Pratiques culturelles \u00e0 lhorizon 2030, 2012 <img decoding=\"async\" src=\"http:\/\/www.pole-avenia.com\/wp-content\/uploads\/2016\/02\/RENCONTRES-GEOSCIENCES-BIG-DATA-ATELIER.jpg\" alt=\"rencontre comp\u00e9titivit\u00e9 num\u00e9rique\" align=\"left\"> Depuis 18 mois, je sais pas vous, mais moi jai comme limpression que les \u00e9volutions des politiques publiques num\u00e9riques nont pas connu de pauses. Quasiment tous les jours, le num\u00e9rique nous r\u00e9servait de nouvelles surprises.. D\u00e9put\u00e9 d!Eure-et-Loir, rapporteur de la mission d!information sur la neutralit\u00e9 du Net a toute sa place dans le programme des pouvoirs publics pour promouvoir le tr\u00e8s haut d\u00e9bit. Depuis 2002, nous avons pu constat\u00e9 un int\u00e9r\u00eat croissant des parlementaires sur les sujets num\u00e9riques. Dabord car ces sujets sinscrivent dans une r\u00e9alit\u00e9 num\u00e9rique quotidienne pour nos concitoyens. Sup\u00e9rieure du service public des postes et t\u00e9l\u00e9communications et membre du Conseil National du <img decoding=\"async\" src=\"http:\/\/www.bas-rhin.fr\/eCommunityImages\/F9FED3C8-FD5B-4663-8143-D506129B4769\/7010\/w640w\/image_photo-bas-rhin-vaisseau-internet.jpg\" alt=\"rencontre comp\u00e9titivit\u00e9 num\u00e9rique\" align=\"center\"> Ces \u00e9v\u00e9nements sont-ils uniquement r\u00e9serv\u00e9s aux adh\u00e9rents ou aussi ouverts au public ext\u00e9rieur?<\/p>\n","protected":false},"excerpt":{"rendered":"<p>rencontre comp\u00e9titivit\u00e9 num\u00e9rique<\/p>\n","protected":false},"author":1,"featured_media":0,"comment_status":"closed","ping_status":"closed","sticky":false,"template":"","format":"standard","meta":{"footnotes":""},"categories":[1],"tags":[],"_links":{"self":[{"href":"https:\/\/dig-stuttgart.de\/info\/wp-json\/wp\/v2\/posts\/6652"}],"collection":[{"href":"https:\/\/dig-stuttgart.de\/info\/wp-json\/wp\/v2\/posts"}],"about":[{"href":"https:\/\/dig-stuttgart.de\/info\/wp-json\/wp\/v2\/types\/post"}],"author":[{"embeddable":true,"href":"https:\/\/dig-stuttgart.de\/info\/wp-json\/wp\/v2\/users\/1"}],"replies":[{"embeddable":true,"href":"https:\/\/dig-stuttgart.de\/info\/wp-json\/wp\/v2\/comments?post=6652"}],"version-history":[{"count":1,"href":"https:\/\/dig-stuttgart.de\/info\/wp-json\/wp\/v2\/posts\/6652\/revisions"}],"predecessor-version":[{"id":6653,"href":"https:\/\/dig-stuttgart.de\/info\/wp-json\/wp\/v2\/posts\/6652\/revisions\/6653"}],"wp:attachment":[{"href":"https:\/\/dig-stuttgart.de\/info\/wp-json\/wp\/v2\/media?parent=6652"}],"wp:term":[{"taxonomy":"category","embeddable":true,"href":"https:\/\/dig-stuttgart.de\/info\/wp-json\/wp\/v2\/categories?post=6652"},{"taxonomy":"post_tag","embeddable":true,"href":"https:\/\/dig-stuttgart.de\/info\/wp-json\/wp\/v2\/tags?post=6652"}],"curies":[{"name":"wp","href":"https:\/\/api.w.org\/{rel}","templated":true}]}}