{"id":6656,"date":"2020-07-06T10:39:38","date_gmt":"2020-07-06T10:39:38","guid":{"rendered":"http:\/\/dig-stuttgart.de\/info\/?p=6656"},"modified":"2020-06-28T04:25:16","modified_gmt":"2020-06-28T04:25:16","slug":"les-rencontres-d-astaffort","status":"publish","type":"post","link":"https:\/\/dig-stuttgart.de\/info\/2020\/07\/06\/les-rencontres-d-astaffort\/","title":{"rendered":"Les Rencontres D Astaffort"},"content":{"rendered":"<p><img decoding=\"async\" src=\"http:\/\/www.nosenchanteurs.eu\/wp-content\/uploads\/2015\/05\/11310946_10153299112618913_2003437090_n.jpg\" alt=\"les rencontres d astaffort\" align=\"right\"> <img decoding=\"async\" src=\"http:\/\/i64.servimg.com\/u\/f64\/13\/04\/46\/25\/franci11.jpg\" alt=\"les rencontres d astaffort\" align=\"center\"> Sois dans les images et ne te pose pas de questions. Le discours de l\u00e9nergique Philippe Prohom, intervenant \u00e0 la mise en sc\u00e8ne et \u00e0 linterpr\u00e9tation, est \u00e0 la fois muscl\u00e9, pr\u00e9cis et bienveillant. Le slameur J\u00e9r\u00f4me Pinel opine de la t\u00eate, reprend le micro et effectue une nouvelle tentative. Voici quelques t\u00e9moignages d\u00e9l\u00e8ves de cette promotion. Christian : janime un module sur lidentit\u00e9 vocale. Cest une r\u00e9flexion que jai depuis longtemps sur lapproche des chanteurs de vari\u00e9t\u00e9 et de leur identit\u00e9 vocale. Je m\u00e9tais aper\u00e7u que, souvent, un interpr\u00e8te est en recherche dune sonorit\u00e9 qui va se d\u00e9former au fur et \u00e0 mesure par rapport \u00e0 ses go\u00fbts, par rapport aux artistes quil adore. Peu \u00e0 peu, il y a une identification vocale qui se cr\u00e9e et ils oublient juste leur vraies voix. Voir t\u00e9moigne plus haut dYves Bertrand Jai donc un peu travaill\u00e9 l\u00e0-dessus en cr\u00e9ant tout un tas dexercices de travail extr\u00eamement court. Merci de ne pas les copier, ou les reproduire, sans une autorisation \u00e9crite de lauteur. Actualit\u00e9s rencontres voix du sud, ADDA 32 dans le Gers rencontres voix du sud. Actions de lADDA 32 dans le Gers Une cour d\u00e9cole, des b\u00e2timents autour, des mots en vrac, des notes de musique Et le meilleur de chacun pour la r\u00e9ussite de tous. Processus de composition est-il vraiment collectif? Il a cr\u00e9\u00e9 les Rencontres dAstaffort il y a pr\u00e8s de 25 ans pour r\u00e9pondre \u00e0 un sentiment de solitude artistique exprim\u00e9 par beaucoup dartistes. Elles sont soutenues par de grands noms, parrains des sessions, comme,,, Grand Corps Malade, Jeanne Cherhal,,,, Emily Loizeau,..  Jai particip\u00e9 en mai 2015 aux, stage d\u00e9criture, modules de formation sc\u00e9nique, vocale Une immersion pour les artistes professionnels et en d\u00e9veloppement anim\u00e9 par l\u00e9quipe de Voix du Sud, association de Francis Cabrel. Cette \u00e9dition a \u00e9t\u00e9 marqu\u00e9e par la pr\u00e9sence du dantesque, parolier notamment dAlain Bashung, le coaching textuel dun autre grand monsieur, Marc Est\u00e8ve fine plume dun paquet de chanteurs frenchies, le coaching sc\u00e9nique du grand bonhomme un MC de feu de Zeus et un gars en or! et de une cr\u00e8me, grand fan comme moi de bossanova, de scat et de kitscheries en tout genre ou pas!, mais aussi \u00e0 la sc\u00e8ne, clavier du bouillonnant Cali. 2020 Pascal Mornac. Tous les droits sont r\u00e9serv\u00e9s.-: chansons Si cest vraiment bien en duo avec et Je me croyais fort avec et, sur lalbum caritatif Ils se produiront d\u00e9but octobre \u00e0 la Musichalle en cl\u00f4ture de ces rencontres de la cr\u00e9ation. Dans les C\u00e9vennes, un potier vous ouvre les portes de son Activate the G1 Socials plugin to use the Instagram module. Et \u00e9crivains de juxtaposer leurs talents individuels? Le  Interview de Francis Cabrel donn\u00e9e au magazine Djin n o 33 du 13 ao\u00fbt 1980 : Je me suis fait engager dans un orchestre de bal. Je chantais les chansons des Beatles, des Stones, de Cream, enfin tous les airs anglais \u00e0 la mode que j\u00e9coutais sur disque et que japprenais par c\u0153ur, avec des intonations du chanteur et les arrangements du disque. Entre le 11e et le 14e si\u00e8cle, Astaffort \u00e9tait domin\u00e9 par deux ch\u00e2teaux forts : celui de la Craste situ\u00e9 pr\u00e8s de l\u00e9glise Sainte-Genevi\u00e8ve et celui du Mous, pr\u00e8s de l\u00e9glise Saint-F\u00e9lix. Disponible uniquement sur les pages programmes pour le moment. Astaffort, une localit\u00e9 de 2000 habitants, aux confins du Lot-et-Garonne et du Gers. Un petit village tranquille, dont personne ne parlerait sil ny avait lenfant du pays mandoris\u00e9 en 2015 et en 2012 y est n\u00e9 et il continue dy vivre une bonne partie de lann\u00e9e. Et surtout, il a d\u00e9cid\u00e9 de faire du cadre de son enfance un lieu de rencontre autour de la chanson.  Fond\u00e9es par Francis Cabrel, le principe est le suivant : r\u00e9unir des auteurs, compositeurs et interpr\u00e8tes dans le cadre dune ancienne \u00e9cole primaire et leur permettre de cr\u00e9er ensemble, accompagn\u00e9s par une petite \u00e9quipe de formateurs. <img decoding=\"async\" src=\"http:\/\/planetefrancophone.fr\/wp-content\/uploads\/2013\/10\/PF-ASTAFFORT-FINAL-DROITE-500x256.jpg\" alt=\"les rencontres d astaffort\" align=\"right\"> Cin\u00e9ma A la demande du studio Warner, qui poss\u00e8de les droits dexploitation du film, le cin\u00e9ma parisien Le Grand Rex doit d\u00e9programmer la projection dAutant en emporte le.. Depuis quil a cr\u00e9\u00e9 les stages des Voix du Sud \u00e0 Astaffort, il y a vingt-cinq ans, Francis Cabrel a pris lhabitude dy passer un moment, voire plus, \u00e0 l\u00e9coute des artistes en herbe qui y ont d\u00e9croch\u00e9 leur ticket dentr\u00e9e. Ce jeudi soir, pour la premi\u00e8re des deux soir\u00e9es de cl\u00f4ture de la session dautomne, le chanteur donnera un r\u00e9cital apr\u00e8s le show des stagiaires. Inutile de chercher des places, cest complet, et la session de vendredi, avec Bigflo et Oli en guest stars, lest aussi. Pour d\u00e9couvrir ce village qui est le plus \u00e9lev\u00e9 de la Lanaudi\u00e8re : Olivier : Chaque session des Rencontres est g\u00e9n\u00e9reuse, \u00e9tonnante, passionnante. Les \u00e9l\u00e8ves me bouleversent syst\u00e9matiquement. Je fais le plein d\u00e9motions. Quant \u00e0 moi, je remercie l\u00e9quipe enti\u00e8re de Voix du Sud, Anne-Claire Galesne et tous les stagiaires pour laccueil qui ma \u00e9t\u00e9 r\u00e9serv\u00e9. Evidemment, je navais plus envie de partir. Evidemment, je reviendrai pour la prochaine session.<\/p>\n","protected":false},"excerpt":{"rendered":"<p>les rencontres d astaffort<\/p>\n","protected":false},"author":1,"featured_media":0,"comment_status":"closed","ping_status":"closed","sticky":false,"template":"","format":"standard","meta":{"footnotes":""},"categories":[1],"tags":[],"_links":{"self":[{"href":"https:\/\/dig-stuttgart.de\/info\/wp-json\/wp\/v2\/posts\/6656"}],"collection":[{"href":"https:\/\/dig-stuttgart.de\/info\/wp-json\/wp\/v2\/posts"}],"about":[{"href":"https:\/\/dig-stuttgart.de\/info\/wp-json\/wp\/v2\/types\/post"}],"author":[{"embeddable":true,"href":"https:\/\/dig-stuttgart.de\/info\/wp-json\/wp\/v2\/users\/1"}],"replies":[{"embeddable":true,"href":"https:\/\/dig-stuttgart.de\/info\/wp-json\/wp\/v2\/comments?post=6656"}],"version-history":[{"count":1,"href":"https:\/\/dig-stuttgart.de\/info\/wp-json\/wp\/v2\/posts\/6656\/revisions"}],"predecessor-version":[{"id":6657,"href":"https:\/\/dig-stuttgart.de\/info\/wp-json\/wp\/v2\/posts\/6656\/revisions\/6657"}],"wp:attachment":[{"href":"https:\/\/dig-stuttgart.de\/info\/wp-json\/wp\/v2\/media?parent=6656"}],"wp:term":[{"taxonomy":"category","embeddable":true,"href":"https:\/\/dig-stuttgart.de\/info\/wp-json\/wp\/v2\/categories?post=6656"},{"taxonomy":"post_tag","embeddable":true,"href":"https:\/\/dig-stuttgart.de\/info\/wp-json\/wp\/v2\/tags?post=6656"}],"curies":[{"name":"wp","href":"https:\/\/api.w.org\/{rel}","templated":true}]}}