{"id":6658,"date":"2020-07-06T13:20:09","date_gmt":"2020-07-06T13:20:09","guid":{"rendered":"http:\/\/dig-stuttgart.de\/info\/?p=6658"},"modified":"2020-06-28T04:25:23","modified_gmt":"2020-06-28T04:25:23","slug":"rencontre-autour-livre-culinaire","status":"publish","type":"post","link":"https:\/\/dig-stuttgart.de\/info\/2020\/07\/06\/rencontre-autour-livre-culinaire\/","title":{"rendered":"Rencontre Autour Livre Culinaire"},"content":{"rendered":"<p>Cette rencontre cl\u00f4turera ce mois davril rempli dimages, dimagination, et de cr\u00e9ation avec une rencontre \u00e0 partir de 19h. <img decoding=\"async\" src=\"http:\/\/lesmots-leschoses.fr\/wp-content\/uploads\/2016\/02\/Couv-Le-grand-marin.jpg\" alt=\"rencontre autour livre culinaire\" align=\"right\"> Les che\u0300vres ou la psycho, son directeur de me\u0301moire le somme de choisir. Alors a\u0300 20 ans, il plaque ses e\u0301tudes pour ouvrir une ferme pre\u0300s de Notre-Dame-des-Landes 120 che\u0300vres et 80 brebis, quil vendra pour payer ses dettes. Retour a\u0300 Paris a\u0300 31 ans. Il inte\u0300gre la Maison Androuet, passe de paysan fauche\u0301 a\u0300 jeune cadre dynamique dans un monde fromager qui brasse des millions sur Rungis. Pas son truc. Il lance une campagne de crowdfunding, empoche 40 000 euros et inaugure sa Laiterie de Paris a\u0300 la Goutte-dOr, dans le 18e, ou\u0300 il transforme depuis 60 000 litres de lait en yaourts et fromages affine\u0301s. Signe particulier : Publi\u00e9 le 25 avril 2020 \u00e0 12h15-Mis \u00e0 jour le 26 avril 2020 \u00e0 12h18 T\u00e9moignages La gastronomie est-elle une marchandise culturelle comme une autre, de Julia Csergo Depending on the mode of computation and on market hypothesis, the total sum of public funds involved.. Avec cette d\u00e9cision de me sp\u00e9cialiser est n\u00e9 le d\u00e9sir profond de servir au mieux mes clients. Depuis, je travaille chaque jour \u00e0 devenir un peu plus experte dans mon domaine et \u00e0 mentourer des meilleurs pour vous offrir la meilleure des prestations. Je retire une vraie satisfaction de savoir que je peux r\u00e9ellement vous apporter quelque chose de plus. , journaliste qui vient de sinstaller \u00e0 New-York, relate sa rencontre avec le p\u00e8re dune de ses amies, Edward, 93 ans. Tous deux ont perdu un \u00eatre cher. Edward cultive le souvenir de sa femme, Paula, converse avec elle par lettres. Il exhorte dailleurs fortement \u00e0 Isabel d\u00e9crire aussi \u00e0 sa m\u00e8re. Une fa\u00e7on de tromper labsence, le vide. Contact relations presse : Emmanuelle Gillardo-06 72 91 87 71 <img decoding=\"async\" src=\"http:\/\/moondogs.fr\/sites\/default\/files\/galerie-cbox\/_mg_5049.jpg\" alt=\"rencontre autour livre culinaire\" align=\"right\">  <img decoding=\"async\" src=\"http:\/\/static.youblisher.com\/publications\/257\/1537141\/large-1537141-4.jpg\" alt=\"rencontre autour livre culinaire\" align=\"left\"> A 14 ans, Philippe Etchebest passe le concours pour int\u00e9grer le. Cest pour lui un choix \u00e9vident, puisquil grandit dans cet univers depuis son plus jeune \u00e2ge. Comp\u00e9titeur dans l\u00e2me, il y voit un moyen de se surpasser. Avertissez-moi par e-mail des nouveaux commentaires. Et quest ce quon y boit? Au niveau des boissons, le choix est tr\u00e8s vari\u00e9! D\u00e9j\u00e0, pleins de Jus de fruits frais, press\u00e9s \u00e0 la demande, dont des m\u00e9langes originaux \u00e0 base de lait de soja. On a toutes gout\u00e9s plusieurs m\u00e9langes, et mon verdict, ma boisson pr\u00e9f\u00e9r\u00e9e est sans conteste \u00c9nergie Vitale : pommekiwipoire. Jai gout\u00e9 aussi les jus Mangago, que je ne connaissais pas. Les trois parfums sont bons : grenadeth\u00e9 vert, citronth\u00e9 vert et baies de gojith\u00e9 vert. Jai lhabitude daller sur les march\u00e9s pr\u00e8s de chez moi. Le march\u00e9 Richard Lenoir par exemple est le plus grand march\u00e9 en plein air de Paris et on y trouve de tout. Jaime beaucoup celui des Batignolles, le samedi, pour son march\u00e9 bio. Mais ce qui compte \u00e0 Paris, cest le relationnel. Une fois dans les petits papiers des commer\u00e7ants, vous aurez droit \u00e0 un service de bien meilleure qualit\u00e9. Il faut aussi savoir se montrer exigeant, tout un art qui sapprend en vivant en France. Je ne vais que dans des endroits o\u00f9 je peux choisir moi-m\u00eame mes aliments. Certains trouveront \u00e7a un peu extr\u00eame, mais au contraire, cela montre que vous savez ce que vous voulez.  Par lassociation Renouveau pour tous Dimanche 14 juin de 6h \u00e0 18h Tarif : 4 5 m\u00e8tres Renseignements : 06 47 98 25 90 C\u00e9line Fournier A loccasion de la sortie de louvrage, aux \u00e9ditions lAge dhomme, venez rencontrer S\u00e9bastien Kardinal et d\u00e9couvrir sa cuisine 100 v\u00e9g\u00e9tale autour dune d\u00e9gustation qui ravira vos papilles! Ne passez pas \u00e0 c\u00f4t\u00e9 de ce petit bijou de gourmandise. D\u00e9dicace de 17h45 \u00e0 18h45 livre Le Cantique dAlain Thomas recueils de po\u00e8mes \u00c9bleui, Tout Jour et Les Cinq saisons. De retour \u00e0 Paris, lid\u00e9e de vivre de la cuisine meffleure mais je ne me lance pas, je nose pas, et puis le CAP de cuisine \u00e9tait impossible pour moi, je ne veux cuisiner ni viande, ni poisson. Petits pois rhubarbe et petits pois p\u00e9tale de rose Comme un conte pour enfants, lhistoire de Krampou\u00e8s commence par : il \u00e9tait une fois. Un tour dhorizon des principales informations des 7 derniers jours. Un projet \u00e9pic\u00e9? Une envie gourmande? \u00c9crivez-nous et nous adorerions \u00e9changer avec vous.<\/p>\n","protected":false},"excerpt":{"rendered":"<p>rencontre autour livre culinaire<\/p>\n","protected":false},"author":1,"featured_media":0,"comment_status":"closed","ping_status":"closed","sticky":false,"template":"","format":"standard","meta":{"footnotes":""},"categories":[1],"tags":[],"_links":{"self":[{"href":"https:\/\/dig-stuttgart.de\/info\/wp-json\/wp\/v2\/posts\/6658"}],"collection":[{"href":"https:\/\/dig-stuttgart.de\/info\/wp-json\/wp\/v2\/posts"}],"about":[{"href":"https:\/\/dig-stuttgart.de\/info\/wp-json\/wp\/v2\/types\/post"}],"author":[{"embeddable":true,"href":"https:\/\/dig-stuttgart.de\/info\/wp-json\/wp\/v2\/users\/1"}],"replies":[{"embeddable":true,"href":"https:\/\/dig-stuttgart.de\/info\/wp-json\/wp\/v2\/comments?post=6658"}],"version-history":[{"count":1,"href":"https:\/\/dig-stuttgart.de\/info\/wp-json\/wp\/v2\/posts\/6658\/revisions"}],"predecessor-version":[{"id":6659,"href":"https:\/\/dig-stuttgart.de\/info\/wp-json\/wp\/v2\/posts\/6658\/revisions\/6659"}],"wp:attachment":[{"href":"https:\/\/dig-stuttgart.de\/info\/wp-json\/wp\/v2\/media?parent=6658"}],"wp:term":[{"taxonomy":"category","embeddable":true,"href":"https:\/\/dig-stuttgart.de\/info\/wp-json\/wp\/v2\/categories?post=6658"},{"taxonomy":"post_tag","embeddable":true,"href":"https:\/\/dig-stuttgart.de\/info\/wp-json\/wp\/v2\/tags?post=6658"}],"curies":[{"name":"wp","href":"https:\/\/api.w.org\/{rel}","templated":true}]}}