{"id":6666,"date":"2020-07-06T17:24:13","date_gmt":"2020-07-06T17:24:13","guid":{"rendered":"http:\/\/dig-stuttgart.de\/info\/?p=6666"},"modified":"2020-06-28T04:31:32","modified_gmt":"2020-06-28T04:31:32","slug":"eveque-prostituee","status":"publish","type":"post","link":"https:\/\/dig-stuttgart.de\/info\/2020\/07\/06\/eveque-prostituee\/","title":{"rendered":"Eveque Prostitu\u00e9e"},"content":{"rendered":"<p><img decoding=\"async\" src=\"http:\/\/www.jean-bernard-papi.com\/images\/m\/mai\/Maison-close-1.jpg\" alt=\"eveque prostitu\u00e9e\" align=\"center\"> Pour sauvegarder et annoter vos recherches, recevoir des alertes et des suggestions Les Casques bleus ont abus\u00e9 et ont laiss\u00e9 enceintes de nombreuses jeunes \u00e0 Bangassou, dans le sud-est de la Centrafrique, avait d\u00e9clar\u00e9 d\u00e9but mars Mgr Juan Jos\u00e9 Aguirre \u00e0 la radio espagnole ABC.  The Canadian Conference of Catholic Bishops CCCB is the national assembly of the Bishops of Canada. It was founded in 1943 and officially recognized by the Holy See in 1948. Dans un premier temps, le cardinal Gabriel-Marie Garrone salua la m\u00e9moire de son coll\u00e8gue Dani\u00e9lou dune forte r\u00e9demptrice remarque : Dieu accorde son pardon. Notre existence ne peut manquer dinclure un \u00e9l\u00e9ment de faiblesse et dombre. Le quotidien catholique romain La Croix fut plus lapidaire : en chaque chr\u00e9tien demeure un p\u00e9cheur. Conseil de d\u00e9fense et conseil des ministres exceptionnels sur le coronavirus, manifestation en hommage \u00e0 une prostitu\u00e9e transgenre tu\u00e9e au bois de Boulogne, transports gratuits au Luxembourg.. Voici quelques-unes des informations qui devraient marquer lactualit\u00e9 de ce samedi 29 f\u00e9vrier. Je me f\u00e9licite davoir fait une d\u00e9mission qui me d\u00e9charge du fardeau dun dioc\u00e8se ; mais si cette op\u00e9ration n\u00e9tait pas consomm\u00e9e, la crainte quon ne lattribu\u00e2t \u00e0 des vues ambitieuses suffirait pour me la faire ajourner. Telle fut ma r\u00e9ponse, lan dernier, en apprenant que certaines personnes attachaient leurs suffrages en ma faveur \u00e0 une d\u00e9marche de cette nature. Les Saints pa\u00efens de lAncien Testament, Paris, \u00c9d. Du Seuil, 1956. Dans sa pastorale du&#8230;. Il exhorte \u00e0 lex\u00e9cution du d\u00e9cret relatif \u00e0 la conscription, et il a raison ; mais fallait-il pour cela alt\u00e9rer le texte sacr\u00e9, en pr\u00e9sentant comme une conscription le d\u00e9nombrement ordonn\u00e9 par lempereur Auguste, et par suite duquel J\u00e9sus-Christ naquit \u00e0 Bethl\u00e9em? Ce d\u00e9nombrement portait sur tous les \u00e2ges et les sexes ; d\u00e8s lors, dans le sens de M. Della Torre, la sainte Vierge \u00e9tait conscrite. Faire commerce de ses charmes est longtemps vu comme une profession comme une autre. Les putassi\u00e8res demeurent cependant facilement identifiables. Il leur est, en effet, interdit de porter v\u00eatements ou accessoires d\u00e9montrant le luxe. Broches, fourrures et autres v\u00eatements peuvent leur \u00eatre sommairement confisqu\u00e9s. Labbesse encaisse un tiers des gains pour un toit <img decoding=\"async\" src=\"http:\/\/come4news.com\/wp-content\/uploads\/2013\/11\/Prostitution_Deligne_penalisation.png\" alt=\"eveque prostitu\u00e9e\" align=\"right\"> 14 varwwwtelesambre.bevendortwigtwiglibTwigTemplate.php411: Twig_Template-displayArray Lev\u00eaque Franco Mullackal, qui a rejet\u00e9 ces accusations, doit se pr\u00e9senter \u00e0 cette convocation le 19 septembre, a indiqu\u00e9 lagence de presse indienne PTI. La religieuse avait accus\u00e9 fin juin Mgr Mullackal de lavoir viol\u00e9e \u00e0 treize reprises entre 2014 et 2016, mais la police ne lavait soumis \u00e0 aucun interrogatoire formel. Les prostitu\u00e9es et les publicains pr\u00e9c\u00e8dent les grands pr\u00eatres au Ciel en raison de leur disponibilit\u00e9 \u00e0 avoir laiss\u00e9 le Seigneur visiter leurs mis\u00e8res et changer Lui-m\u00eame lorientation fondamentale de leur existence et de leur c\u0153ur. Si les grands pr\u00eatres s\u00e9taient reconnus mis\u00e9rables eux aussi et sils avaient laiss\u00e9 le Seigneur les rejoindre pour les lib\u00e9rer, ils seraient entr\u00e9s dans le Royaume en m\u00eame temps que les prostitu\u00e9es et les collecteurs dimp\u00f4ts. 55 r\u00e9flexions sur la Prostitu\u00e9e de Belluno Il est un \u00e9v\u00eaque comme pasteur a pris la plupart des moutons odeur typique: lodeur de merde. Cest la pire merde, celle des onduleurs sataniques: demander pardon \u00e0 ceux qui offensent lEglise du Christ et battre la merde ceux qui laiment, il sert le et d\u00e9fend contre les pi\u00e8ges du mal  LE VISA DES LAISSEZ-PASSER AUX AVANT-POSTES ALLEMANDS DEVANT PARIS.  Je vous souhaite aussi un pr\u00eatre honn\u00eate qui est un r\u00e9confort spirituel \u00e0 elle quelle manque maintenant. Dautres sources mentionnent quau milieu du 9i\u00e8me si\u00e8cle, un pr\u00eatre anglais du nom de John, un homosexuel reconnu, avait gagne la faveur des cardinaux de Rome, a un point tel quil a failli \u00eatre \u00e9lu pape a la mort de L\u00e9on IV en lan 855. Cest probablement a la m\u00e9moire de ce John aux allures tr\u00e8s eff\u00e9min\u00e9es, commun\u00e9ment appel\u00e9 Jeanne par ses intimes, que naquit la l\u00e9gende de la papesse quon disait dorigine anglaise. Les troubadours et les m\u00e9nestrels du 13ieme si\u00e8cle ajout\u00e8rent a cette histoire, en signe de d\u00e9risions et de moqueries, que John aurait pu accoucher dun enfant le jour m\u00eame de son couronnement car rien dans son comportement sexuel nindiquait quil est un homme. Ainsi fut foment\u00e9 dans la confusion et par les esprits tordus la l\u00e9gende de la c\u00e9l\u00e9br\u00e9 papesse Jeanne. Rome, ville du vice et de la d\u00e9bauche Apr\u00e8s avoir r\u00e9pondu \u00e0 toutes les questions g\u00e9n\u00e9rales ou personnelles des personnes pr\u00e9sentes, la r\u00e9union a \u00e9t\u00e9 lev\u00e9e \u00e0 la satisfaction g\u00e9n\u00e9rale. Les Editions Karthala pr\u00e9sentent la s\u00e9lection des Incontournables, les ouvrages de r\u00e9f\u00e9rence. Le Salon Beige-Blog quotidien dactualit\u00e9 par des la\u00efcs catholiques je le pauvre \u00e9v\u00eaque de Belluno Il commence en disant \u00e0 la place: 18. Aucune place avec appointement, cr\u00e9\u00e9e quen vertu dune loi. <img decoding=\"async\" src=\"http:\/\/www.irskoxs.cf\/wp-content\/uploads\/2018\/07\/faiez-abed-jahwareh-520x360.png\" alt=\"eveque prostitu\u00e9e\" align=\"center\"> A sa mort en 343, de lhuile miraculeuse s\u00e9coule de son corps, le pr\u00e9servant de la putr\u00e9faction. Cette huile, que lon appelle manne, a la r\u00e9putation de gu\u00e9rir les maux. 12 varwwwtelesambre.bevendortwigtwiglibTwigTemplate.php432: __TwigTemplate_ce46d480b3229074e6e30c0feed9c55427b459bb8f83ecb9032a7facb44933e0-doDisplayArray, Array.<\/p>\n","protected":false},"excerpt":{"rendered":"<p>eveque prostitu\u00e9e<\/p>\n","protected":false},"author":1,"featured_media":0,"comment_status":"closed","ping_status":"closed","sticky":false,"template":"","format":"standard","meta":{"footnotes":""},"categories":[1],"tags":[],"_links":{"self":[{"href":"https:\/\/dig-stuttgart.de\/info\/wp-json\/wp\/v2\/posts\/6666"}],"collection":[{"href":"https:\/\/dig-stuttgart.de\/info\/wp-json\/wp\/v2\/posts"}],"about":[{"href":"https:\/\/dig-stuttgart.de\/info\/wp-json\/wp\/v2\/types\/post"}],"author":[{"embeddable":true,"href":"https:\/\/dig-stuttgart.de\/info\/wp-json\/wp\/v2\/users\/1"}],"replies":[{"embeddable":true,"href":"https:\/\/dig-stuttgart.de\/info\/wp-json\/wp\/v2\/comments?post=6666"}],"version-history":[{"count":1,"href":"https:\/\/dig-stuttgart.de\/info\/wp-json\/wp\/v2\/posts\/6666\/revisions"}],"predecessor-version":[{"id":6667,"href":"https:\/\/dig-stuttgart.de\/info\/wp-json\/wp\/v2\/posts\/6666\/revisions\/6667"}],"wp:attachment":[{"href":"https:\/\/dig-stuttgart.de\/info\/wp-json\/wp\/v2\/media?parent=6666"}],"wp:term":[{"taxonomy":"category","embeddable":true,"href":"https:\/\/dig-stuttgart.de\/info\/wp-json\/wp\/v2\/categories?post=6666"},{"taxonomy":"post_tag","embeddable":true,"href":"https:\/\/dig-stuttgart.de\/info\/wp-json\/wp\/v2\/tags?post=6666"}],"curies":[{"name":"wp","href":"https:\/\/api.w.org\/{rel}","templated":true}]}}