{"id":6694,"date":"2020-07-06T16:09:44","date_gmt":"2020-07-06T16:09:44","guid":{"rendered":"http:\/\/dig-stuttgart.de\/info\/?p=6694"},"modified":"2020-06-28T04:43:30","modified_gmt":"2020-06-28T04:43:30","slug":"rencontre-canton-de-neuchatel","status":"publish","type":"post","link":"https:\/\/dig-stuttgart.de\/info\/2020\/07\/06\/rencontre-canton-de-neuchatel\/","title":{"rendered":"Rencontre Canton De Neuchatel"},"content":{"rendered":"<p>Ce repas \u00e9tait disponible sur inscription uniquement: 032 836 26 36 ou Cette adresse e-mail est prot\u00e9g\u00e9e contre les robots spammeurs. Vous devez activer le JavaScript pour la visualiser M. Konrad, au Grand Conseil, a soutenu la motion et sengage \u00e0 prendre contact avec nous afin de d\u00e9terminer la marche \u00e0 suivre la plus ad\u00e9quate, tout en soulignant la n\u00e9cessit\u00e9 davoir des relais dans tous les groupes politiques pour obtenir un r\u00e9sultat. Notre but dans les trois domaines AVS, AI et LPP est donc, en agissant \u00e0 diff\u00e9rents niveaux, de maintenir la coh\u00e9sion de lensemble des couches sociales et dassurer la p\u00e9rennit\u00e9 du syst\u00e8me, en particulier son financement, dans la dur\u00e9e. Cela peut para\u00eetre contradictoire, mais en r\u00e9alit\u00e9 cela ne lest pas. Le financement \u00e0 long terme de nos assurances sociales est une mani\u00e8re de faire de la politique sociale durable. Nous payons toutes nos charges et taxes en suisse. Et puis un jour vers les 45 ans, je me suis dit :pourquoi pas venir en Suisse. Et voil\u00e0 je suis dans le canton de Neuch\u00e2tel depuis 5 ans. Et je dois dire que jamais je ne me suis sentie aussi seule et triste. Si \u00e0 Paris vous voyez quelque chose de dr\u00f4le dans la rue et que vous \u00eates dans le bus, vous en parlez avec son ou sa voisine, qui a son tour commente.  Annonce : 63 ans,sympa,bon vivant,cultiv\u00e9 s\u00e9par\u00e9,s\u00e9rieux,169 cm,poivre et sel,cherche avant tout amiti\u00e9 avec femme, libre ou pas dans le respect mutuel.Daniel, naturaliste, historien, \u00e9crivain, arch\u00e9ologue, dessinateur neuch\u00e2telois. Pour un d\u00e9but damiti\u00e9 et de rencontres int\u00e9ressantes, contactez-moi avec une petite photo et un message pour vous d\u00e9crire important. Merci de ne pas me donner votre num\u00e9ro de tel car je nappelle pas, je pr\u00e9f\u00e8re vous conna\u00eetre un peu mieux avant via proximeety ou courriel. <img decoding=\"async\" src=\"http:\/\/www.case-a-chocs.ch\/events\/images\/affiche.jpg\" alt=\"rencontre canton de neuchatel\" align=\"center\"> La Constitution doit mettre des limites claires \u00e0 la s\u00e9lection syst\u00e9matique danomalies chromosomiques comme la trisomie 21 se basant sur des jugements de valeur pr\u00e9con\u00e7us. Votez donc NON le 14 juin! Amiti\u00e9 femme c\u00e9libataire de 68 ans cherche rencontre amicale <img decoding=\"async\" src=\"http:\/\/media.paperblog.fr\/i\/729\/7296444\/joyeux-anniversaire-canton-neuchatel-L-ymDLMn.jpeg\" alt=\"rencontre canton de neuchatel\" align=\"left\"> Tous renseignements : lu-ve 8h-12h et 14h-17h T\u00e9l: 722 59 60 Fax: 722 59 70 Bien pr\u00e9senter propre vie seul \u00e0 dispositions je peux me d\u00e9placer.sans probl\u00e8me.pas vous g\u00eaner pour plus de question \u00e0 bient\u00f4t <img decoding=\"async\" src=\"http:\/\/www.croix-bleue.ch\/data\/images\/accroches\/Chalet.jpg\" alt=\"rencontre canton de neuchatel\" align=\"center\">. Dynamique.je nai aucune pr\u00e9f\u00e9rence d\u00e2ge ou physique, juste la bonne \u00e9nergie et le partage des bons moments chauds. Jai plain did\u00e9es haha, on parle? Merci pour la lecture, sexy.. Si vous vous reconnaissez dans mon profil, cest avec plaisir que je vous lirai Denr\u00e9es alimentaires-Objets usuels-Poids et mesures-Indication des prix Le 3 d\u00e9cembre, mont\u00e9e au Ch\u00e2teau dune d\u00e9l\u00e9gation des personnes vivant avec un handicap physique, ssensoriel, psychique, mental : En effet, les associations de ont d\u00e9pos\u00e9 une Motion populaire POUR UNE VERITABLE POLITIQUE CANTONALE EN MATIERE DEGALITE pour les personnes en situation de handicap et \u00e0 mobilit\u00e9 r\u00e9duite. Dans une entreprise, il y a souvent beaucoup \u00e0 faire. Tous les employ\u00e9s sont tr\u00e8s occup\u00e9s et ont de nombreuses t\u00e2ches \u00e0 mener \u00e0 bien. Lapprenti ou lapprentie doivent donc souvent d\u00e9terminer seuls ce qui doit \u00eatre fait et chercher par eux-m\u00eames les informations n\u00e9cessaires. Jacques B\u00e9guin, Le ch\u00e2teau de Neuch\u00e2tel, Neuch\u00e2tel, La Baconni\u00e8re, 1948 hommes h\u00e9t\u00e9rosexuel de 18 \u00e0 50 ans dans le canton de Neuch\u00e2tel Informations de Pro Juventute sur les services daide \u00e0 la jeunesse-soutenir le d\u00e9marrage de nouveaux groupes dentraide Respect2Love, un couple dont f bi. De 34 et 31 ans,,,  Neuch\u00e2tel-Trophy, comp\u00e9tition internationale de synchronis\u00e9. .<\/p>\n","protected":false},"excerpt":{"rendered":"<p>rencontre canton de neuchatel<\/p>\n","protected":false},"author":1,"featured_media":0,"comment_status":"closed","ping_status":"closed","sticky":false,"template":"","format":"standard","meta":{"footnotes":""},"categories":[1],"tags":[],"_links":{"self":[{"href":"https:\/\/dig-stuttgart.de\/info\/wp-json\/wp\/v2\/posts\/6694"}],"collection":[{"href":"https:\/\/dig-stuttgart.de\/info\/wp-json\/wp\/v2\/posts"}],"about":[{"href":"https:\/\/dig-stuttgart.de\/info\/wp-json\/wp\/v2\/types\/post"}],"author":[{"embeddable":true,"href":"https:\/\/dig-stuttgart.de\/info\/wp-json\/wp\/v2\/users\/1"}],"replies":[{"embeddable":true,"href":"https:\/\/dig-stuttgart.de\/info\/wp-json\/wp\/v2\/comments?post=6694"}],"version-history":[{"count":1,"href":"https:\/\/dig-stuttgart.de\/info\/wp-json\/wp\/v2\/posts\/6694\/revisions"}],"predecessor-version":[{"id":6695,"href":"https:\/\/dig-stuttgart.de\/info\/wp-json\/wp\/v2\/posts\/6694\/revisions\/6695"}],"wp:attachment":[{"href":"https:\/\/dig-stuttgart.de\/info\/wp-json\/wp\/v2\/media?parent=6694"}],"wp:term":[{"taxonomy":"category","embeddable":true,"href":"https:\/\/dig-stuttgart.de\/info\/wp-json\/wp\/v2\/categories?post=6694"},{"taxonomy":"post_tag","embeddable":true,"href":"https:\/\/dig-stuttgart.de\/info\/wp-json\/wp\/v2\/tags?post=6694"}],"curies":[{"name":"wp","href":"https:\/\/api.w.org\/{rel}","templated":true}]}}