{"id":6696,"date":"2020-07-06T16:47:31","date_gmt":"2020-07-06T16:47:31","guid":{"rendered":"http:\/\/dig-stuttgart.de\/info\/?p=6696"},"modified":"2020-06-28T04:44:02","modified_gmt":"2020-06-28T04:44:02","slug":"annonces-rencontres-midi-libre","status":"publish","type":"post","link":"https:\/\/dig-stuttgart.de\/info\/2020\/07\/06\/annonces-rencontres-midi-libre\/","title":{"rendered":"Annonces Rencontres Midi Libre"},"content":{"rendered":"<p>Offres demploi, de collaboration et stages du Village de la Justice 110620 : Apr\u00e8s une relance de ses vols r\u00e9guliers Limoges-Lyon amorc\u00e9e mi-juin, Chalair Aviation confirme son programme de vols saisonniers vers Ajaccio et,,,,,,,,,,,,,,,,,, Un caf\u00e9 frapp\u00e9, un cake gourmand, un matcha latte.. Tout cela vous a manqu\u00e9? Bonne nouvelle \u00e0 Paris des salons de th\u00e9 et Coffee shop se d\u00e9confinent et proposent leurs boissons et gourmandises \u00e0 emporter! Lap\u00e9ro quizz de LInd\u00e9pendant 12062020 \u00e0 16:40 00:12:17 Arr\u00eat\u00e9 \u00e0 Marseille fin janvier, Majdi Naameh, ex-cadre dun groupe islamiste syrien, est mis en cause dans la disparition de quatre opposants de premier plan au r\u00e9gime de Damas. La collecte du livret A atteint un montant historique en avril   <img decoding=\"async\" src=\"http:\/\/img.over-blog-kiwi.com\/1\/44\/55\/52\/20180413\/ob_2e28b7_ban2-1.jpg\" alt=\"annonces rencontres midi libre\" align=\"left\"> Le suicide dun homme hier matin au sein du palais de justice de N\u00eemes interroge Arles Les Rencontres de la Photographie, Une histoire fran\u00e7aise By Fran\u00e7oise Denoyelle Votre agence Castell immobilier vous propose \u00e0 la vente; Au premier \u00e9tage d.. Montpellier : Cupidate, lapplication qui change les rencontres amoureuses M\u00e9tropolitain <img decoding=\"async\" src=\"http:\/\/www.asso-kmdelta.fr\/files\/communiques\/sherco.jpg\" alt=\"annonces rencontres midi libre\" align=\"right\"> Saint-Jean-de-Boiseau, situ\u00e9e au sud-ouest du territoire de la M\u00e9tropole de Nantes, se trouve \u00e0 mi chemin entre le centre de Nantes et la c\u00f4te de Jade. Le tr\u00e8s fr\u00e9quent\u00e9 quai Vauban de Perpignan conna\u00eet quelques changements commerciaux. Les internautes peuvent signaler tout contenu illicite \u00e0 la qui sengage \u00e0 mettre en oeuvre les moyens n\u00e9cessaires Elle r\u00e9pond en effet autant \u00e0 un processus d auto-d\u00e9finition de soi le sexe dans les relations inter-ethniques une d\u00e9signation ext\u00e9rieure. <img decoding=\"async\" src=\"http:\/\/www.rcppm.org\/download\/presse\/herault-n186-capestang.jpg\" alt=\"annonces rencontres midi libre\" align=\"left\"> Lanc\u00e9 en novembre, le groupe de sauvetage animalier est d\u00e9sormais pleinement op\u00e9rationnel. Son v\u00e9hicule dintervention est bas\u00e9 \u00e0 la caserne de Barbezieux. Nouveaux bilans, nouvelles mesures, faits marquants : un point sur les derni\u00e8res \u00e9volutions de la pand\u00e9mie de Covid-19, qui a fait pr\u00e8s de 300.000 morts dans le monde. France: 351 morts en 24h-Les Fran\u00e7ais pourront partir en vacances en France en juillet et ao\u00fbt, annonce Philippe LOMS avertit que le Covid-19 pourrait ne jamais dispara\u00eetre direct France Monde bonjour jeune homme 28ans du benin celibataire recherche femme pour le mariage vivant en france francaise italienne ou belge contacter moi les femmes pas d arnaqueur .<\/p>\n","protected":false},"excerpt":{"rendered":"<p>annonces rencontres midi libre<\/p>\n","protected":false},"author":1,"featured_media":0,"comment_status":"closed","ping_status":"closed","sticky":false,"template":"","format":"standard","meta":{"footnotes":""},"categories":[1],"tags":[],"_links":{"self":[{"href":"https:\/\/dig-stuttgart.de\/info\/wp-json\/wp\/v2\/posts\/6696"}],"collection":[{"href":"https:\/\/dig-stuttgart.de\/info\/wp-json\/wp\/v2\/posts"}],"about":[{"href":"https:\/\/dig-stuttgart.de\/info\/wp-json\/wp\/v2\/types\/post"}],"author":[{"embeddable":true,"href":"https:\/\/dig-stuttgart.de\/info\/wp-json\/wp\/v2\/users\/1"}],"replies":[{"embeddable":true,"href":"https:\/\/dig-stuttgart.de\/info\/wp-json\/wp\/v2\/comments?post=6696"}],"version-history":[{"count":1,"href":"https:\/\/dig-stuttgart.de\/info\/wp-json\/wp\/v2\/posts\/6696\/revisions"}],"predecessor-version":[{"id":6697,"href":"https:\/\/dig-stuttgart.de\/info\/wp-json\/wp\/v2\/posts\/6696\/revisions\/6697"}],"wp:attachment":[{"href":"https:\/\/dig-stuttgart.de\/info\/wp-json\/wp\/v2\/media?parent=6696"}],"wp:term":[{"taxonomy":"category","embeddable":true,"href":"https:\/\/dig-stuttgart.de\/info\/wp-json\/wp\/v2\/categories?post=6696"},{"taxonomy":"post_tag","embeddable":true,"href":"https:\/\/dig-stuttgart.de\/info\/wp-json\/wp\/v2\/tags?post=6696"}],"curies":[{"name":"wp","href":"https:\/\/api.w.org\/{rel}","templated":true}]}}