{"id":6698,"date":"2020-07-06T01:04:59","date_gmt":"2020-07-06T01:04:59","guid":{"rendered":"http:\/\/dig-stuttgart.de\/info\/?p=6698"},"modified":"2020-06-28T04:44:55","modified_gmt":"2020-06-28T04:44:55","slug":"rencontres-carnot-lyon","status":"publish","type":"post","link":"https:\/\/dig-stuttgart.de\/info\/2020\/07\/06\/rencontres-carnot-lyon\/","title":{"rendered":"Rencontres Carnot Lyon"},"content":{"rendered":"<p>Le document sarticule en plusieurs chapitres, mat\u00e9rialis\u00e9s par des cartons infographiques : Le r\u00eave indochinois, Confusion et faux espoirs, Le tigre et l\u00e9l\u00e9phant, Dien Bien Phu, N\u00e9gociations et 20 juillet 1954, le dernier jour. FINDMED pr\u00e9sent \u00e0 la r\u00e9union BIOREZO sur limagerie m\u00e9dicale. Nous vous proposons de poursuivre en empruntant la rue des Remparts dAinay pour rejoindre lAbbaye. Admirez au passage la fa\u00e7ade de limmeuble qui fait langle au n8, les ferronneries, les d\u00e9corations et les sculptures sont superbes.  Expert du Carnot AgriFood Transition, le professeur Luc Multigner interviendra le 1911 \u00e0 Beauvais sur la probl\u00e9matique des perturbateurs endocriniens dans les emballages alimentaires. Source : Forum r\u00e9fugi\u00e9s pour le Rh\u00f4ne, OFPRA pour la France Action Carnot fili\u00e8re EnergICs : les Carnot en soutien \u00e0 la comp\u00e9titivit\u00e9 des entreprises de la fili\u00e8re \u00e9nergie Comment se d\u00e9roule cette immersion en pleine crise sanitaire? Comment les \u00e9l\u00e8ves arrivent \u00e0 conjuguer leur travail sur.. Samedi 13 octobre, rencontre avec Pierre Raufast \u00e0 la librairie Horizons, Riom. 5Sur la p\u00e9riode de r\u00e9f\u00e9rence \u00e9tudi\u00e9e 1994-2005, le d\u00e9partement du Rh\u00f4ne pr\u00e9sente la sp\u00e9cificit\u00e9 denregistrer un flux de demandeurs dasile dorigine europ\u00e9enne nettement sup\u00e9rieur \u00e0 celui enregistr\u00e9 au niveau national. Ainsi, les Europ\u00e9ens repr\u00e9sentent 80,1 des demandes de domiciliation de demandeurs dasile d\u00e9livr\u00e9es par lassociation Forum R\u00e9fugi\u00e9s, contre 33,9 \u00e0 l\u00e9chelle nationale sur la m\u00eame p\u00e9riode figure 1. Ce poids des demandeurs europ\u00e9ens sur le total tend dailleurs \u00e0 se renforcer. Sur la p\u00e9riode 2002-2005, il atteint les 82 35,1 \u00e0 l\u00e9chelle nationale. Les laboratoires mobilisent leurs savoir-faire et imaginent les solutions de demain  <img decoding=\"async\" src=\"http:\/\/www.lyon-metropole-solidaire.org\/files\/marilyn-mastromauro.jpg\" alt=\"rencontres carnot lyon\" align=\"right\"> Conception et r\u00e9alisation : F. L\u00e9ostic, ENS-LSH mai 2005 Les 13 espaces num\u00e9riques de la biblioth\u00e8que municipale de Lyon sont ouverts \u00e0 tous. <img decoding=\"async\" src=\"http:\/\/www.instituts-carnot.eu\/sites\/default\/files\/images\/editeur\/LES_RDV_CARNOT_LYON_10_2016_512.jpg\" alt=\"rencontres carnot lyon\" align=\"right\"> <img decoding=\"async\" src=\"http:\/\/www2.ac-lyon.fr\/etab\/lycees\/lyc-42\/carnot\/IMG\/pngbis\/flamencoweb.png\" alt=\"rencontres carnot lyon\" align=\"center\"> 2016-2020-Site r\u00e9alis\u00e9 et h\u00e9berg\u00e9 par-EURL JUML69-88 Grande Rue 69340 Francheville-04 72 41 31 57 auditions publiques de chacun des Commissaires d\u00e9sign\u00e9s dans le but d\u00e9valuer plateforme Electro-spinning LMI Vincent Salles-plateforme \u00e9laboration, frittage sous charge MATEIS-Sandrine Cottrino et Sandrine Cardinal plateforme Axelone 20 min-Fr\u00e9d\u00e9ric Hoffmann et plateforme 3D-Fab 40 min J\u00e9r\u00f4me Chevalier .<\/p>\n","protected":false},"excerpt":{"rendered":"<p>rencontres carnot lyon<\/p>\n","protected":false},"author":1,"featured_media":0,"comment_status":"closed","ping_status":"closed","sticky":false,"template":"","format":"standard","meta":{"footnotes":""},"categories":[1],"tags":[],"_links":{"self":[{"href":"https:\/\/dig-stuttgart.de\/info\/wp-json\/wp\/v2\/posts\/6698"}],"collection":[{"href":"https:\/\/dig-stuttgart.de\/info\/wp-json\/wp\/v2\/posts"}],"about":[{"href":"https:\/\/dig-stuttgart.de\/info\/wp-json\/wp\/v2\/types\/post"}],"author":[{"embeddable":true,"href":"https:\/\/dig-stuttgart.de\/info\/wp-json\/wp\/v2\/users\/1"}],"replies":[{"embeddable":true,"href":"https:\/\/dig-stuttgart.de\/info\/wp-json\/wp\/v2\/comments?post=6698"}],"version-history":[{"count":1,"href":"https:\/\/dig-stuttgart.de\/info\/wp-json\/wp\/v2\/posts\/6698\/revisions"}],"predecessor-version":[{"id":6699,"href":"https:\/\/dig-stuttgart.de\/info\/wp-json\/wp\/v2\/posts\/6698\/revisions\/6699"}],"wp:attachment":[{"href":"https:\/\/dig-stuttgart.de\/info\/wp-json\/wp\/v2\/media?parent=6698"}],"wp:term":[{"taxonomy":"category","embeddable":true,"href":"https:\/\/dig-stuttgart.de\/info\/wp-json\/wp\/v2\/categories?post=6698"},{"taxonomy":"post_tag","embeddable":true,"href":"https:\/\/dig-stuttgart.de\/info\/wp-json\/wp\/v2\/tags?post=6698"}],"curies":[{"name":"wp","href":"https:\/\/api.w.org\/{rel}","templated":true}]}}