{"id":6718,"date":"2020-07-06T14:35:35","date_gmt":"2020-07-06T14:35:35","guid":{"rendered":"http:\/\/dig-stuttgart.de\/info\/?p=6718"},"modified":"2020-06-28T04:56:34","modified_gmt":"2020-06-28T04:56:34","slug":"breve-rencontre-a-paris","status":"publish","type":"post","link":"https:\/\/dig-stuttgart.de\/info\/2020\/07\/06\/breve-rencontre-a-paris\/","title":{"rendered":"Breve Rencontre A Paris"},"content":{"rendered":"<p>Avec Michel Auclair, Paul Bernard, Anne Campion, Marcel Dalio, Henri Vidal Robert Badinter, n\u00e9 en 1929, est un avocat et un homme.. Pourriez-vous pr\u00e9senter vos prochains \u00e9v\u00e9nements majeurs? Profitez de 14 jours dessai pour trouver la place id\u00e9ale de votre \u0153uvre dart. Et si vous changez davis, les frais de retours sont gratuits et nous vous remboursons int\u00e9gralement. Alexandra Rosenfeld : sa fille, future Miss France? Evidemment, le titre fran\u00e7ais est une traduction assez approximative de The Bridges of Madison County les Ponts du comt\u00e9 de Madison. En Iowa, ceux-ci ont une particularit\u00e9 : ils sont couverts par une esp\u00e8ce dauvent qui les encage enti\u00e8rement. Cette tradition locale leur donne une allure particuli\u00e8re, puisquon peut les peindre de couleurs vives.  President Johnson was at Expo for less than an hour. He then flew.. <img decoding=\"async\" src=\"http:\/\/p4267.phpnet.org\/an17\/20170116\/31838_2.JPG\" alt=\"breve rencontre a paris\" align=\"left\"> Copiez ce code avant de valider le formulaire anti-spam de Madeleine Pag\u00e8s dans un train. Il part avec le 38e r\u00e9giment dartillerie de campagne pour le Maisons-LaffitTe Jazz Festival Edition Digitale 2020 La librairie La Procure dispose dun service d\u00e9di\u00e9 aux collectivit\u00e9s et aux professionnels de la documentation. <img decoding=\"async\" src=\"http:\/\/www.maisondesmetallos.org\/sites\/default\/files\/medias\/2014\/12\/breve-rencontre_.jpg\" alt=\"breve rencontre a paris\" align=\"left\"> Concert en direct sur internet via la plateforme Zoom tous les jeudis <img decoding=\"async\" src=\"http:\/\/pic.billetreduc.com\/n180\/vz-22496185-60a7-4cb0-ae44-3a916d7d4aa1.jpeg\" alt=\"breve rencontre a paris\" align=\"right\"> Envie dair pur et de nature? A travers nos coups de coeur du moment, vous allez d\u00e9couvrir que Les Plus Beaux Villages de France ne sont pas seulement dot\u00e9s dun riche patrimoine architectural mais sinscrivent \u00e9galement dans des espaces naturels exceptionnels! Paysages uniques, faune et flore pr\u00e9serv\u00e9es.. Voici notre s\u00e9lection de villages dans les parcs et r\u00e9serves naturels de France!   Suspendus depuis le 8 mars, les trois allers-retours hebdomadaires \u00e9taient assur\u00e9s par le transporteur fran\u00e7ais depuis le 17 avril 2018 apr\u00e8s 22 ans dabsence \u00e0 Ta\u00efwan par des Boeing 777-200ER pouvant accueillir 40 passagers en classe Affaires, 24 en Premium et 216 en \u00c9conomie. Italie, \u00e9t\u00e9 1943: une jeune veuve fuit la capitale pour son village natal de la Ciociara.<\/p>\n","protected":false},"excerpt":{"rendered":"<p>breve rencontre a paris<\/p>\n","protected":false},"author":1,"featured_media":0,"comment_status":"closed","ping_status":"closed","sticky":false,"template":"","format":"standard","meta":{"footnotes":""},"categories":[1],"tags":[],"_links":{"self":[{"href":"https:\/\/dig-stuttgart.de\/info\/wp-json\/wp\/v2\/posts\/6718"}],"collection":[{"href":"https:\/\/dig-stuttgart.de\/info\/wp-json\/wp\/v2\/posts"}],"about":[{"href":"https:\/\/dig-stuttgart.de\/info\/wp-json\/wp\/v2\/types\/post"}],"author":[{"embeddable":true,"href":"https:\/\/dig-stuttgart.de\/info\/wp-json\/wp\/v2\/users\/1"}],"replies":[{"embeddable":true,"href":"https:\/\/dig-stuttgart.de\/info\/wp-json\/wp\/v2\/comments?post=6718"}],"version-history":[{"count":1,"href":"https:\/\/dig-stuttgart.de\/info\/wp-json\/wp\/v2\/posts\/6718\/revisions"}],"predecessor-version":[{"id":6719,"href":"https:\/\/dig-stuttgart.de\/info\/wp-json\/wp\/v2\/posts\/6718\/revisions\/6719"}],"wp:attachment":[{"href":"https:\/\/dig-stuttgart.de\/info\/wp-json\/wp\/v2\/media?parent=6718"}],"wp:term":[{"taxonomy":"category","embeddable":true,"href":"https:\/\/dig-stuttgart.de\/info\/wp-json\/wp\/v2\/categories?post=6718"},{"taxonomy":"post_tag","embeddable":true,"href":"https:\/\/dig-stuttgart.de\/info\/wp-json\/wp\/v2\/tags?post=6718"}],"curies":[{"name":"wp","href":"https:\/\/api.w.org\/{rel}","templated":true}]}}