{"id":6756,"date":"2020-07-06T11:37:36","date_gmt":"2020-07-06T11:37:36","guid":{"rendered":"http:\/\/dig-stuttgart.de\/info\/?p=6756"},"modified":"2020-06-28T05:19:02","modified_gmt":"2020-06-28T05:19:02","slug":"rencontre-bassam","status":"publish","type":"post","link":"https:\/\/dig-stuttgart.de\/info\/2020\/07\/06\/rencontre-bassam\/","title":{"rendered":"Rencontre Bassam"},"content":{"rendered":"<p>Commerce : boulevard de la Cath\u00e9drale, 26 e \u00e9tage  Il a dit quau 14 ao\u00fbt 2020, les enseignements et les examens de fin dann\u00e9e seront termin\u00e9s et les orientations en classe de seconde et les affectations en classe de 6\u00e8 seront faites, pour que lann\u00e9e 2020-2021 puisse d\u00e9marrer \u00e0 bonne date, \u00e0 savoir le 14 septembre. En outre, l\u00e9conomie du cin\u00e9ma se d\u00e9veloppe elle aussi. <img decoding=\"async\" src=\"http:\/\/pdcirda.ci\/wp-content\/uploads\/2018\/08\/hkb-et-ado.jpg\" alt=\"rencontre bassam\" align=\"center\"> 2020 Agenda Culturel. All Rights Reserved. Created By Copyright 1992-2020 Topvisages&#8211; Ce site est prot\u00e9g\u00e9 par reCAPTCHA de Google. La et les sappliquent.-Une cr\u00e9ation. 31Les enjeux de la remise en fonction de lestuaire du Como\u00e9 \u00e0 Bassam d\u00e9passent le seul probl\u00e8me des hydrophytes. Quels sont les avantages et les inconv\u00e9nients dune telle mesure, au regard du code de lenvironnement ivoirien? Objectif: faire le bilan de 2016 et identifier les grands axes strat\u00e9giques de lann\u00e9e 2017 au regard de lanalyse des principaux d\u00e9fis nationaux et des attentes du Gouvernement vis \u00e0 vis du Syst\u00e8me des Nations Unies. Dans son adresse, Madame le Ministre a relev\u00e9 plusieurs d\u00e9fis qui attendent la C\u00f4te dIvoire. Pays: R\u00e9gionProvince: R\u00e9gionProvince: Mise \u00e0 jour du formulaire.. Ce sera notre Silicon Valley, la vitrine technologique de lAfrique de lOuest, senthousiasme le maire. Jaccepte de recevoir des offres cibl\u00e9es des partenaires du Lepetitjournal.com 40Le r\u00f4le de lhomme aujourdhui comme facteur d\u00e9volution des rivages du monde est connu. Certains de ces am\u00e9nagements lourds \u00e9pis, barrages sur les cours deau ont une incidence n\u00e9gative sur l\u00e9volution du trait de c\u00f4te. La probabilit\u00e9 dune telle \u00e9volution r\u00e9gressive \u00e0 lembouchure du Como\u00e9 fig. 3 est fond\u00e9e sur de nombreux cas similaires dont celui de Port-Bou\u00ebt. <img decoding=\"async\" src=\"http:\/\/cnrct.ci\/images\/preload-images_miniature\/renprcnrct1.JPG\" alt=\"rencontre bassam\" align=\"right\"> Selon la rapport\u00e9e dans le Dictionnaire encyclop\u00e9dique de la C\u00f4te dIvoire, le nom dAbidjan, Abijean \u00e0 l\u00e9poque, serait n\u00e9 dun. La raconte quun vieil homme revenant de son champ, les bras charg\u00e9s de branchages probablement destin\u00e9s \u00e0 la r\u00e9fection du toit de sa, rencontra sur son chemin un europ\u00e9en en perdition qui lui demanda le nom du village le plus proche. Le vieil homme ne parlant pas la de lhomme blanc crut comprendre que celui-ci demandait ce quil faisait en ces lieux. Terroris\u00e9 par cette rencontre inattendue, il senfuit en criant : min tchan mbidjan, ce qui signifie en langue \u00e9bri\u00e9 : je reviens de couper des feuilles. Lhomme blanc crut avoir eu la r\u00e9ponse \u00e0 sa question et consigna consciencieusement sur son bloc-notes Abidjan.  Je suis bien content. Je pense que beaucoup dentra\u00eeneurs africains ont les qualit\u00e9s pour arriver au niveau des europ\u00e9ens. Ils nont pas eu la chance d\u00eatre encadr\u00e9s comme les europ\u00e9ens ont \u00e9t\u00e9 encadr\u00e9s. Il ny a pas de secret. Lorsque vous vivez dans ces pays, vous rencontrez des gens tr\u00e8s comp\u00e9tents. Nous les s\u00e9lectionneurs europ\u00e9ens qui venons sur le continent africain, en dehors de notre devoir de r\u00e9sultats sportifs avec nos \u00e9quipes, nous avons un r\u00f4le de formateur quand nous sommes sur place. Et vous verrez de plus en plus dAfricains qui viendront entra\u00eener en Europe, cest logique. Cest le juste retour des choses par rapport aux Europ\u00e9ens qui viennent en Afrique. Pour pouvoir traiter une maladie, il faut commencer par la diagnostiquer. Le vrai probl\u00e8me de la musique au Liban, cest le manque de vrais p\u00e9dagogues, car un bon musicien nest pas forc\u00e9ment un bon professeur. Ainsi, mon but est dinstaurer une formation de p\u00e9dagogie musicale au sein m\u00eame du conservatoire, explique le multi-instrumentiste libanais. Une formation, regroupant diff\u00e9rentes disciplines dont la psychologie, lesth\u00e9tique et lhistoire de lart, qui permettrait, au bout dun an de cours intensifs, aux dipl\u00f4m\u00e9s de r\u00e9pandre la culture musicale dans les \u00e9coles l\u00e0 o\u00f9 le vrai changement devrait se faire pour que les musiciens en herbe choisissent volontairement de poursuivre leurs \u00e9tudes acad\u00e9miques au conservatoire et \u00e9ventuellement faire carri\u00e8re dans le domaine musical. Revue promouvant lapproche g\u00e9ographique fran\u00e7aise et francophone du domaine tropical Avec la phase 2 du d\u00e9confinement, le jardin d\u00e9merveille ouvre \u00e0 nouveau ses portes aux publics. R\u00e9mi Kulik au micro de Jacq de CFM Cordes pour un tour dhorizon des ateliers \u00e0 venir dans les prochaines semaines et des informations Limiter les limaces dans son jardin potager  Rencontre FIF-Clubs \u00e0 Bassam-Pierre Gondo membre du GX: Pourquoi nous irons \u00e0 la r\u00e9union de Grand-Bassam-Abidjan.net La pand\u00e9mie a impos\u00e9 une nouvelle r\u00e9alit\u00e9 au monde : la potentielle dangerosit\u00e9 des contacts sociaux. On peut alors se demander si, jouer les Robinson Cruso\u00e9 ne serait pas une si mauvaise id\u00e9e. <img decoding=\"async\" src=\"http:\/\/signalinfos.net\/wp-content\/uploads\/photo-gallery\/20180813_lavoie-originale-speciale_358.jpg\" alt=\"rencontre bassam\" align=\"right\"> Pour son neuvi\u00e8me roman en fran\u00e7ais, l\u00e9crivain ha\u00eftien, Louis-Philippe Dalembert, sattache \u00e0 des femmes migrantes africaines. Sinspirant de la trag\u00e9die dun bateau de clandestins sauv\u00e9s par le p\u00e9trolier danois Torm Lotte pendant l\u00e9t\u00e9 2014, lauteur nous embarque dans une fresque de la migration et de lexil \u00e0 travers trois portraits de femmes. Etablir un lien entre deux villes d\u00e9passant les fronti\u00e8res europ\u00e9ennes permet de garantir une aide au d\u00e9veloppement au b\u00e9n\u00e9fice direct de la population ivoirienne. Dans ce pays en voie de d\u00e9veloppement, la commune tire de ce parrainage des programmes de d\u00e9veloppement partag\u00e9s avec les autorit\u00e9s locales avec comme objectif premier, un transfert de savoir-faire.<\/p>\n","protected":false},"excerpt":{"rendered":"<p>rencontre bassam<\/p>\n","protected":false},"author":1,"featured_media":0,"comment_status":"closed","ping_status":"closed","sticky":false,"template":"","format":"standard","meta":{"footnotes":""},"categories":[1],"tags":[],"_links":{"self":[{"href":"https:\/\/dig-stuttgart.de\/info\/wp-json\/wp\/v2\/posts\/6756"}],"collection":[{"href":"https:\/\/dig-stuttgart.de\/info\/wp-json\/wp\/v2\/posts"}],"about":[{"href":"https:\/\/dig-stuttgart.de\/info\/wp-json\/wp\/v2\/types\/post"}],"author":[{"embeddable":true,"href":"https:\/\/dig-stuttgart.de\/info\/wp-json\/wp\/v2\/users\/1"}],"replies":[{"embeddable":true,"href":"https:\/\/dig-stuttgart.de\/info\/wp-json\/wp\/v2\/comments?post=6756"}],"version-history":[{"count":1,"href":"https:\/\/dig-stuttgart.de\/info\/wp-json\/wp\/v2\/posts\/6756\/revisions"}],"predecessor-version":[{"id":6757,"href":"https:\/\/dig-stuttgart.de\/info\/wp-json\/wp\/v2\/posts\/6756\/revisions\/6757"}],"wp:attachment":[{"href":"https:\/\/dig-stuttgart.de\/info\/wp-json\/wp\/v2\/media?parent=6756"}],"wp:term":[{"taxonomy":"category","embeddable":true,"href":"https:\/\/dig-stuttgart.de\/info\/wp-json\/wp\/v2\/categories?post=6756"},{"taxonomy":"post_tag","embeddable":true,"href":"https:\/\/dig-stuttgart.de\/info\/wp-json\/wp\/v2\/tags?post=6756"}],"curies":[{"name":"wp","href":"https:\/\/api.w.org\/{rel}","templated":true}]}}