{"id":6776,"date":"2020-07-06T01:11:21","date_gmt":"2020-07-06T01:11:21","guid":{"rendered":"http:\/\/dig-stuttgart.de\/info\/?p=6776"},"modified":"2020-06-28T05:26:29","modified_gmt":"2020-06-28T05:26:29","slug":"rencontre-choregraphique-2012-le-mans","status":"publish","type":"post","link":"https:\/\/dig-stuttgart.de\/info\/2020\/07\/06\/rencontre-choregraphique-2012-le-mans\/","title":{"rendered":"Rencontre Chor\u00e9graphique 2012 Le Mans"},"content":{"rendered":"<p> He orients his searches towards the creation of an artwork based on the notion of moving target : a material which is impermanent, never motionless and in constant alteration. He forms the musical duet Pigeon Pourri Bisou Love with the visual artist Elizabeth Saint-Jalmes. They have been building performances in which they create movement using visual, sound, light, corporal, social and sculptural materials. He also does light creations for contemporary danse and theatre. He collaborated especially with, Maxence Rey, Perrine Valli, Steven Cohen, Mathilde Monfreux, Christian Bourigault, Perrine Mornay, C\u00e9dric Gourmelon, Oriane Varak, Philippe M\u00e9nard, Geisha Fontaine Pierre Cottreau, Rapha\u00eblle Delaunay, Le\u00efla Gaudin Sandra, Abouav and the chief cook Pierre Lefebvre. Vendredi 4 Avril 2014, SENS premi\u00e8re et d\u00e9but de deuxi\u00e8me partie, \u00e0 la maison de quartier Botti\u00e8res, lors des rencontres enchant\u00e9es-Par les nuits, adaptation, co-mise en sc\u00e8ne avec Pascale Nandillon, tryptique de lectures dAugust Stramm production Atelier hors champ, La Fonderie Le Mans ; Abri-M\u00e9moire Uffholtz, La Maison deurope et dOrient Paris, La Parole Errante Montreuil, Eve-Universit\u00e9 du Maine Le Mans 2013 et 2014, projet labellis\u00e9 par la Mission pour le Centenaire de la Guerre 14-18. \u00c0 Poitiers, \u00e0 Montpellier elle co-anime des ateliers Le 16122011 : Concert du groupe SHUFFLE au PCV du Mans. Un code dacc\u00e8s vous sera demand\u00e9, vous pouvez nous contacter au 02.51.32.08.21 pour lobtenir. Interviendront \u00e9galement : Hala Abou-Hassira, conseill\u00e8re \u00e0 la Mission de Palestine en France, dont toute la famille habite la bande de Gaza, \u00c9lisabeth Kinne, enseignante \u00e0 luniversit\u00e9 am\u00e9ricaine de Paris, qui \u00e9voquera le r\u00f4le des femmes dans larm\u00e9e am\u00e9ricaine, et les journalistes Hala Kodami et Mo\u00efra Sauvage, qui apporteront leurs t\u00e9moignages sur le r\u00f4le tenu par les femmes dans diff\u00e9rents conflits de la plan\u00e8te. Pour les spectacles report\u00e9s, les billets restent valables. Merci de renvoyer vos billets par email ou par courrier si vous souhaitez le remboursement-Toile tir\u00e9e sur carde bois 33&#215;24 cm au 54&#215;81 cm Pour ajouter une photo dans votre album, appuyer sur AJOUT, La photo se d\u00e9place dans lalbum et se retire de la galerie. Un code dacc\u00e8s vous sera demand\u00e9, vous pouvez nous contacter au 02.51.32.08.21 pour lobtenir. <img decoding=\"async\" src=\"http:\/\/come.christinesantosfitness.com\/wp-content\/uploads\/2014\/07\/6.Rea_.jpg\" alt=\"rencontre chor\u00e9graphique 2012 le mans\" align=\"left\"> Allan McNish, Anthony Davidson, Alexander Wurz, David Brabham, Franck Montagny, Gianmaria Bruni, Giancarlo Fisichella, Jan Magnussen, Jean-Christophe Boullion, Jean-Denis Dele!!traz, Kazuki Nakajima, Karun Chandhok, Martin Brundle, Marc Gene, Nick Heidfeld, Olivier Beretta, Pedro Lamy, S\u00e9bastien Bourdais, S\u00e9bastien Buemi, Shinji Nakano, St\u00e9phane Sarrazin. Apr\u00e8s sa formation au Th\u00e9\u00e2tre National de Strasbourg sc\u00e9nographie-costume de 2013 \u00e0 2016 compl\u00e9t\u00e9e par un DMA costumier r\u00e9alisateur \u00e0 Lyon Diderot durant lequel elle r\u00e9alise les costumes de Sophocl\u00e9a chor\u00e9graphie de Karine Saporta, Oria Steenkiste est aujourdhui sc\u00e9nographe-costumi\u00e8re. Durant sa formation au TNS, elle r\u00e9alise les costumes de Trust de Falk Rochter mes de Kaspar Tainturier ; les costumes et la sc\u00e9nographie de Karukina cr\u00e9ation de Francisco Alvarado, Macbeth mes Youssouf Abi-Ayad, La violence du d\u00e9sir mes dAgn\u00e8s Bourgeois et la sc\u00e9nographie de Penth\u00e9sil\u00e9e de H. Von Kleit mes Ma\u00eblle Dequiet En 2016, elle cr\u00e9\u00e9e les costumes, maquillages et coiffures pour la cr\u00e9ation Le radeau de la M\u00e9duse de Georg Kaiser mise en sc\u00e8ne de Thomas Jolly cr\u00e9ation Festival IN Avignon. En 2017, elle cr\u00e9\u00e9e pour la compagnie ACT2 la sc\u00e9nographie et les costumes de FRUSQUES et r\u00e9alise les costumes de Les Evapor\u00e9s m.e.s de Delphine Hecquetet Les Serpents m.e.s de Anne-Margrit Leclerc. En 2018 elle cr\u00e9e les costumes de D\u00e9sirer tant m.e.s. De Charlotte Lagrange, Eugene Oneguine m.e.s de Frederic Wake-Wlaker \u00e0 lOp\u00e9ra du Rhin assistante du concepteur, Les Ptites Michus Op\u00e9ra de Nantes et Le Traitement m.e.s de R\u00e9my Barch\u00e9 Com\u00e9die de Reims-Toile tir\u00e9e sur carde bois 33&#215;24 cm au 54&#215;81 cm  Vous pouvez \u00e9galement commander en ligne les DVDs SAMEDI et DIMANCHE partie 1 et 2. <img decoding=\"async\" src=\"http:\/\/www.grant.planetcollab.com\/3999-large_default\/coloration-d-oxydation-kapiness-3deluxe.jpg\" alt=\"rencontre chor\u00e9graphique 2012 le mans\" align=\"left\"> \u0396\u03c5\u03b3\u03ad, \u03b5\u03af\u03c3\u03b1\u03b9 \u03c3\u03b5 \u03b5\u03b3\u03c1\u03ae\u03b3\u03bf\u03c1\u03c3\u03b7 \u03ba\u03b1\u03b9 \u03b1\u03c5\u03c4\u03cc \u03b8\u03b1 \u03c3\u03b5 \u03b2\u03bf\u03b7\u03b8\u03ae\u03c3\u03b5\u03b9 \u03bd\u03b1 \u03c0\u03ac\u03c1\u03b5\u03b9\u03c2 \u03bc\u03c0\u03c1\u03bf\u03c2 \u03ba\u03b1\u03b9 \u03bd\u03b1 \u03bb\u03cd\u03c3\u03b5\u03b9\u03c2 \u03cc\u03c4\u03b9 \u03c3\u03b5 \u03b1\u03c0\u03b1\u03c3\u03c7\u03bf\u03bb\u03b5\u03af! Nh\u00e9sitez pas \u00e0 consulter longlet SERVICE ET PRODUIT pour les tarifs. Pour ajouter une photo dans votre album, appuyer sur AJOUT, La photo se d\u00e9place dans lalbum et se retire de la galerie.  Mourad Merzouki exp\u00e9rimente depuis de nombreuses ann\u00e9es un hip-hop hybride, m\u00e9tiss\u00e9, \u00e0 la crois\u00e9e des disciplines artistiques. Les 3 coups Cour du Ch\u00e2teau des Ducs de Bretagne, Nantes 44 juin 2008 En raison de l\u00e9pid\u00e9mie de COVID 19 notre stage d\u00e9t\u00e9 au Parc Bachelard est annul\u00e9. Centre Culturel Andr\u00e9 Malraux, Sc\u00e8ne nationale de Vand\u0153uvre-les-Nancy L\u00e9volution du ballet, de sa forme romantique au n\u00e9o-classique. Du lundi 14 f\u00e9vrier 2011 au vendredi 11 octobre 2019 <img decoding=\"async\" src=\"http:\/\/www.merkevarmer.gq\/_uploads\/gen\/SAC0077_BLC_1_181x245.jpeg\" alt=\"rencontre chor\u00e9graphique 2012 le mans\" align=\"center\"> Temps Fort Danse Musique Amateur 4 Cest Comme Ca quon Danse.<\/p>\n","protected":false},"excerpt":{"rendered":"<p>rencontre chor\u00e9graphique 2012 le mans<\/p>\n","protected":false},"author":1,"featured_media":0,"comment_status":"closed","ping_status":"closed","sticky":false,"template":"","format":"standard","meta":{"footnotes":""},"categories":[1],"tags":[],"_links":{"self":[{"href":"https:\/\/dig-stuttgart.de\/info\/wp-json\/wp\/v2\/posts\/6776"}],"collection":[{"href":"https:\/\/dig-stuttgart.de\/info\/wp-json\/wp\/v2\/posts"}],"about":[{"href":"https:\/\/dig-stuttgart.de\/info\/wp-json\/wp\/v2\/types\/post"}],"author":[{"embeddable":true,"href":"https:\/\/dig-stuttgart.de\/info\/wp-json\/wp\/v2\/users\/1"}],"replies":[{"embeddable":true,"href":"https:\/\/dig-stuttgart.de\/info\/wp-json\/wp\/v2\/comments?post=6776"}],"version-history":[{"count":1,"href":"https:\/\/dig-stuttgart.de\/info\/wp-json\/wp\/v2\/posts\/6776\/revisions"}],"predecessor-version":[{"id":6777,"href":"https:\/\/dig-stuttgart.de\/info\/wp-json\/wp\/v2\/posts\/6776\/revisions\/6777"}],"wp:attachment":[{"href":"https:\/\/dig-stuttgart.de\/info\/wp-json\/wp\/v2\/media?parent=6776"}],"wp:term":[{"taxonomy":"category","embeddable":true,"href":"https:\/\/dig-stuttgart.de\/info\/wp-json\/wp\/v2\/categories?post=6776"},{"taxonomy":"post_tag","embeddable":true,"href":"https:\/\/dig-stuttgart.de\/info\/wp-json\/wp\/v2\/tags?post=6776"}],"curies":[{"name":"wp","href":"https:\/\/api.w.org\/{rel}","templated":true}]}}