{"id":6784,"date":"2020-07-06T07:39:35","date_gmt":"2020-07-06T07:39:35","guid":{"rendered":"http:\/\/dig-stuttgart.de\/info\/?p=6784"},"modified":"2020-06-28T05:32:40","modified_gmt":"2020-06-28T05:32:40","slug":"rencontrer-lim","status":"publish","type":"post","link":"https:\/\/dig-stuttgart.de\/info\/2020\/07\/06\/rencontrer-lim\/","title":{"rendered":"Rencontrer Lim"},"content":{"rendered":"<p><img decoding=\"async\" src=\"http:\/\/www.kinncaids.gq\/44242-home_default\/chaussures-vans-y-authentic-denim-2-tone-blue-true-white.jpg\" alt=\"rencontrer lim\" align=\"right\"> Les taxes de 13 sont en sus; plus les frais de d\u00e9placement par voiture de 0,40 par kilom\u00e8tre LOMI salue le soutien permanent de la Su\u00e8de \u00e0 lUniversit\u00e9 maritime mondiale <img decoding=\"async\" src=\"http:\/\/media.blustone.fr\/uploads\/2018\/06\/29\/09de1706-fbe9-44d0-84c0-dcb1ac91ddb1.jpg\" alt=\"rencontrer lim\" align=\"center\"> Ji Young Lim, laur\u00e9ate du Concours Reine Elisabeth 2015 R\u00e9sum\u00e9 : \u00c0 certains moments dans ma vie, je me suis senti tellement d\u00e9pass\u00e9 que j\u00e9tais presque comme \u00e0 genoux devant les mots, tellement ils \u00e9taient obscurs, tellement ils devenaient sacr\u00e9s aussi, tellement la peur de ne pas les conna\u00eetre me t\u00e9tanisait. G\u00e9rard raconte une vie dillettr\u00e9, son combat pour exister. Aujourdhui \u00e0 47 ans il sait enfin lire et \u00e9crire, pourtant ces choses simples de la vie quotidienne continuent d\u00eatre angoissantes, paralysantes. Comment alors exercer un m\u00e9tier? Comment devenir p\u00e8re et transmettre? Comment r\u00e9apprendre \u00e0 saimer? <img decoding=\"async\" src=\"http:\/\/i.f1g.fr\/media\/ext\/1900x1900\/madame.lefigaro.fr\/sites\/default\/files\/img\/2017\/09\/kenzo.jpg\" alt=\"rencontrer lim\" align=\"center\"> tout temps pendant mon activit\u00e9 pour r\u00e9pondre aux besoins particuliers des Dans les endroits o\u00f9 il ny a pas d\u00e9glise catholique, certaines..  Elles permettent \u00e9galement aux fans de discuter entre eux dun centre dint\u00e9r\u00eat commun et de revenir chez eux lesprit rempli de souvenirs m\u00e9morables. En mars 2014, John Short, un missionnaire australien \u00e2g\u00e9, avait \u00e9t\u00e9 expuls\u00e9 apr\u00e8s 13 jours de d\u00e9tention, non sans avoir sign\u00e9 des aveux circonstanci\u00e9s et des excuses pour avoir distribu\u00e9 des prospectus religieux dans la capitale nord-cor\u00e9enne. Peut-\u00eatre faudrait-il dabord revenir quelques ann\u00e9es en arri\u00e8re.  Jessaye de mimaginer sa vie mais je pense quil faut le voir pour pouvoir v\u00e9ritablement comprendre son quotidien, son mode de vie et voir comment se passe l\u00e9cole, tout simplement. \u00c9changez-vous des lettres avec sa famille? Outre la contribution financi\u00e8re apport\u00e9e par le Gouvernement su\u00e9dois, lUniversit\u00e9 b\u00e9n\u00e9ficie depuis sa cr\u00e9ation dune contribution en nature significative de la part de la municipalit\u00e9 de Malm\u00f6. Par ailleurs, la ville de Malm\u00f6 continue, dune part, de fournir et dassurer lentretien des locaux universitaires de lUMM \u00e0 titre gratuit et, dautre part, de proposer des logements \u00e9tudiants \u00e0 des loyers extr\u00eamement bas. En mai 2019, lAJC et la LIM ont sign\u00e9 un protocole daccord, dans lequel ils ont convenu de participer ensemble \u00e0 un voyage \u00e0 Auschwitz cette semaine. Venez nous rencontrer Samedi 26 mai \u00e0 loccasion de notre Journ\u00e9e Portes Ouvertes. Vous aurez la possibilit\u00e9 LECTEUR Cet atelier sadresse aux \u00e9l\u00e8ves de la 5e \u00e0 la 8e ann\u00e9e et dure environ 1 heure.Discussion autour des  Guan en espagnol, traduction Guan espagnol Reverso Context Annie Chouinard Administratrice au PMI L\u00e9vis-Qu\u00e9bec.<\/p>\n","protected":false},"excerpt":{"rendered":"<p>rencontrer lim<\/p>\n","protected":false},"author":1,"featured_media":0,"comment_status":"closed","ping_status":"closed","sticky":false,"template":"","format":"standard","meta":{"footnotes":""},"categories":[1],"tags":[],"_links":{"self":[{"href":"https:\/\/dig-stuttgart.de\/info\/wp-json\/wp\/v2\/posts\/6784"}],"collection":[{"href":"https:\/\/dig-stuttgart.de\/info\/wp-json\/wp\/v2\/posts"}],"about":[{"href":"https:\/\/dig-stuttgart.de\/info\/wp-json\/wp\/v2\/types\/post"}],"author":[{"embeddable":true,"href":"https:\/\/dig-stuttgart.de\/info\/wp-json\/wp\/v2\/users\/1"}],"replies":[{"embeddable":true,"href":"https:\/\/dig-stuttgart.de\/info\/wp-json\/wp\/v2\/comments?post=6784"}],"version-history":[{"count":1,"href":"https:\/\/dig-stuttgart.de\/info\/wp-json\/wp\/v2\/posts\/6784\/revisions"}],"predecessor-version":[{"id":6785,"href":"https:\/\/dig-stuttgart.de\/info\/wp-json\/wp\/v2\/posts\/6784\/revisions\/6785"}],"wp:attachment":[{"href":"https:\/\/dig-stuttgart.de\/info\/wp-json\/wp\/v2\/media?parent=6784"}],"wp:term":[{"taxonomy":"category","embeddable":true,"href":"https:\/\/dig-stuttgart.de\/info\/wp-json\/wp\/v2\/categories?post=6784"},{"taxonomy":"post_tag","embeddable":true,"href":"https:\/\/dig-stuttgart.de\/info\/wp-json\/wp\/v2\/tags?post=6784"}],"curies":[{"name":"wp","href":"https:\/\/api.w.org\/{rel}","templated":true}]}}