{"id":6794,"date":"2020-07-06T02:10:41","date_gmt":"2020-07-06T02:10:41","guid":{"rendered":"http:\/\/dig-stuttgart.de\/info\/?p=6794"},"modified":"2020-06-28T05:36:16","modified_gmt":"2020-06-28T05:36:16","slug":"prostituee-limay","status":"publish","type":"post","link":"https:\/\/dig-stuttgart.de\/info\/2020\/07\/06\/prostituee-limay\/","title":{"rendered":"Prostitu\u00e9e Limay"},"content":{"rendered":"<p><img decoding=\"async\" src=\"http:\/\/www.bfmtv.com\/i\/0\/0\/2f6\/d68a225b44544a2720ba85ef79fe8.jpg\" alt=\"prostitu\u00e9e limay\" align=\"right\"> \u03c0\u03b1\u03b9\u03c7\u03bd\u03b9\u03b4\u03b9\u03b1 \u03b1\u03c0\u03bf\u03b4\u03c1\u03b1\u03c3\u03b7\u03c2 \u03b1\u03c0\u03bf \u03c4\u03b7 \u03c6\u03c5\u03bb\u03b1\u03ba\u03b7 \u0395\u03a3\u03a4\u0399\u0391\u03a4\u039f\u03a1\u0399\u0391 LA PASTERIA Cette petite \u00e9quipe a \u00e9t\u00e9 interpell\u00e9e entre le 21 et le 23 mars, dans plusieurs communes d\u00cele-de-France. 6000 euros et 900 livres anglaises, en attente de transfert vers la Colombie, ont \u00e9t\u00e9 saisis lors des perquisitions. \u00c0 Nanterre, chez le faussaire, les policiers ont mis la main sur le mat\u00e9riel ayant servi \u00e0 la fabrication des documents contrefaits. Durant cette p\u00e9riode de confinement, plusieurs associations dh\u00e9bergement et daccompagnement de femmes victimes de violences ne sont pas en mesure de les recevoir dans leurs locaux. Apr\u00e8s lagression homophobe ayant eu lieu samedi soir dans le 19\u00e8me arrondissement, un second suspect a \u00e9t\u00e9 interpell\u00e9 \u00e0 son domicile dimanche soir, selon des informations dEurope 1. Lessentiel de lactualit\u00e9 dans le Sud de la Seine et Marne \u00e0 12h. POUVOIR : le pouvoir est un service pour aider les autres mais ne pas utiliser le pouvoir pour ses propres besoins Il faut couper cours avec le D\u00e9mon. Seul quavec Dieu que nous pouvons dialoguer en bienveillance Nous r\u00e9citions le Notre P\u00e8re Merci de d\u00e9tailler vos modifications et de laisser vos coordonn\u00e9es \u00e0 lattention du-de la mod\u00e9rateur-trice Entr\u00e9e avec placard, salle \u00e0 manger, salon double 29m, cuisine, WC. Et la 3\u00e8me aussi \u00e0 pied par le sentier de la serpentine <img decoding=\"async\" src=\"http:\/\/www.visitapland.cf\/wp-content\/uploads\/2015\/04\/etirement-ischio-jambier-ecart-lateral-2.jpg\" alt=\"prostitu\u00e9e limay\" align=\"right\"> Use Flat Responsive theme to create your business website as it is SEO optimized. Le p\u00e8re Beno\u00eet \u00e0 force de parler sur le bapt\u00eame a failli avaler une mouche. Heureusement il a pu la recracher. Nous \u00e9tions attaqu\u00e9 par des mouches   Ladolescente de 13 ans qui a bless\u00e9 un jeune au couteau mardi devant un coll\u00e8ge de Limay Yvelines souffre de troubles psychiatriques. Elle a \u00e9t\u00e9 d\u00e9clar\u00e9e p\u00e9nalement irresponsable, indique la police Police. Maxppp Site du doyenn\u00e9 des paroisses de Mantes la Jolie, Mantes la Ville, Limay-Vexin, Bonni\u00e8res-Rosny Mais cet endurcissement est aussi dans le plan de Dieu. Commissaire des vivres \u00e0 lArm\u00e9e dAllemagne 57, 63 enregistrent vos pr\u00e9f\u00e9rences selon vos visites pr\u00e9c\u00e9dentes sur notre site Bertin Henri, lieutenant g\u00e9n\u00e9ral de police 13, 33, 76, 213, 217, 246, 259  Recevez le meilleur de lactualit\u00e9 sur lart contemporain \u03b7 \u03bd\u03bf\u03bd\u03b1 \u03ba\u03bf\u03c5\u03bb\u03bf\u03b3\u03bb\u03bf\u03c5 online Scaloppine Scamorza e Barolo Pollo alla Griglia <img decoding=\"async\" src=\"http:\/\/s1.dmcdn.net\/ku3JX\/x240-68c.jpg\" alt=\"prostitu\u00e9e limay\" align=\"right\"> Prise en charge des enfants expos\u00e9-e-s aux violences conjugales Un Silence de m\u00e9ditation se posait sur nous tous. Nous montions du point le plus bas 400m sous le niveau de la mer pour aller vers J\u00e9rusalem 700m daltitude.<\/p>\n","protected":false},"excerpt":{"rendered":"<p>prostitu\u00e9e limay<\/p>\n","protected":false},"author":1,"featured_media":0,"comment_status":"closed","ping_status":"closed","sticky":false,"template":"","format":"standard","meta":{"footnotes":""},"categories":[1],"tags":[],"_links":{"self":[{"href":"https:\/\/dig-stuttgart.de\/info\/wp-json\/wp\/v2\/posts\/6794"}],"collection":[{"href":"https:\/\/dig-stuttgart.de\/info\/wp-json\/wp\/v2\/posts"}],"about":[{"href":"https:\/\/dig-stuttgart.de\/info\/wp-json\/wp\/v2\/types\/post"}],"author":[{"embeddable":true,"href":"https:\/\/dig-stuttgart.de\/info\/wp-json\/wp\/v2\/users\/1"}],"replies":[{"embeddable":true,"href":"https:\/\/dig-stuttgart.de\/info\/wp-json\/wp\/v2\/comments?post=6794"}],"version-history":[{"count":1,"href":"https:\/\/dig-stuttgart.de\/info\/wp-json\/wp\/v2\/posts\/6794\/revisions"}],"predecessor-version":[{"id":6795,"href":"https:\/\/dig-stuttgart.de\/info\/wp-json\/wp\/v2\/posts\/6794\/revisions\/6795"}],"wp:attachment":[{"href":"https:\/\/dig-stuttgart.de\/info\/wp-json\/wp\/v2\/media?parent=6794"}],"wp:term":[{"taxonomy":"category","embeddable":true,"href":"https:\/\/dig-stuttgart.de\/info\/wp-json\/wp\/v2\/categories?post=6794"},{"taxonomy":"post_tag","embeddable":true,"href":"https:\/\/dig-stuttgart.de\/info\/wp-json\/wp\/v2\/tags?post=6794"}],"curies":[{"name":"wp","href":"https:\/\/api.w.org\/{rel}","templated":true}]}}