{"id":6804,"date":"2020-07-06T16:08:50","date_gmt":"2020-07-06T16:08:50","guid":{"rendered":"http:\/\/dig-stuttgart.de\/info\/?p=6804"},"modified":"2020-06-28T05:42:28","modified_gmt":"2020-06-28T05:42:28","slug":"rencontres-arles-2011","status":"publish","type":"post","link":"https:\/\/dig-stuttgart.de\/info\/2020\/07\/06\/rencontres-arles-2011\/","title":{"rendered":"Rencontres Arles 2011"},"content":{"rendered":"<p>Rencontres dArles : la derni\u00e8re conf\u00e9rence de presse de Sam Stourdz\u00e9 \u00catre assis est lune des activit\u00e9s les plus importantes dans la ville moderne chinoise et pour la chaise, comme pour la plupart des choses en Chine, la fonction prime sur la forme. En marchant dans les rues des villes en Chine, Michael Wolf a \u00e9t\u00e9 impressionn\u00e9 par ces chaises qui avaient \u00e9t\u00e9 amput\u00e9es, rafistol\u00e9es, r\u00e9par\u00e9es et converties. Il a dabord commenc\u00e9 par les collectionner puis, lorsquil n\u00e9tait pas possible de les prendre avec lui, \u00e0 les photographier. Son attirance pour ces objets ne vient pas seulement de leur signification sociale mais aussi de linvolontaire beaut\u00e9 intrins\u00e8que des objets utilis\u00e9s. Michael Wolf, La vie dans les villes Rencontres Arles 2017 Hong Kong Corner Houses 2005-2011 Les 60 ans de,, Le Studio Zuber, Collections dAlbums Indiens de la Collection Alkazi,,, Dayanita Singh, Nony Singh, Sunil Gupta, Anay Mann,, Bharat Sikka, Jeetin Sharma, Siya Singh, Huang Rui, Gao Brothers, RongRong inri,, Antoine Gonin, Corse, France 2010, Rencontres Arles  <img decoding=\"async\" src=\"http:\/\/s2.lemde.fr\/image\/2014\/04\/11\/1000x485\/4399991_6_8a7b_martin-parr-livres-de-photographies-chinois_87e6b7baff883d504091a34185c4e133.jpg\" alt=\"rencontres arles 2011\" align=\"left\"> 2 Cette pr\u00e9cision a pour but de prendre en compte ce qui rel\u00e8verait de lindividuel et du social, du Promenade argentique : Ernst Haas, Shoot! La photographie existentielle, Michel Campeau, Chambres claires, notes sur la photographie, Polaroid en p\u00e9ril, Zhang Dali, Augusto Ferrari, Des photographes en autoportraits, o\u00f9 sont-ils, <img decoding=\"async\" src=\"http:\/\/www.zone-numerique.com\/uploads\/salons\/arles\/2011\/arles_2011_21.jpg\" alt=\"rencontres arles 2011\" align=\"center\"> Abonnez-vous pour un acc\u00e8s complet \u00e0 de L\u0152il de la Photographie! Des milliers dimages et darticles, documentant lhistoire de la photographie et son \u00e9volution au cours des derni\u00e8res d\u00e9cennies, \u00e0 travers un journal quotidien unique.  Le nu attire, le nu s\u00e9duit, le nu pla\u00eet. Expositions, stages, projection et rencontres sur le th\u00e8me du nu avec photographes et professionnels de limage. Unsupported browser Youre using a browser that isnt supported by Facebook, so weve redirected you to a simpler version to give you the best experience. Projection of the fifteen nominated artists, presented by the nominators.  <img decoding=\"async\" src=\"http:\/\/img.over-blog.com\/423x600\/0\/50\/12\/90\/Annonce-Stage-librairie-editions_Rencontres-d-Arles.jpg\" alt=\"rencontres arles 2011\" align=\"right\"> Reportages, Voyage, Environnement GEO vous fait voyager \u00e0 travers le monde avec sa newsletter quotidienne En cliquant sur Je mabonne, vous confirmez que vous acceptez les Eric CANTO Photographe : Photos de concert, portraits, pochettes dalbum. Derrida, en 1971, insiste sur linsuffisance th\u00e9orique du concept courant de contexte linguistique et non linguistique et il oppose \u00e0 la th\u00e9orie non informationnelle et novatrice, mais r\u00e9ductrice de la valeur performative du langage dAustin sa conception it\u00e9rative et d\u00e9contextualis\u00e9e une communication qui donnera lieu \u00e0 une r\u00e9action passionn\u00e9e de John Searle. Servais 2010 souligne son ind\u00e9termination relative.<\/p>\n","protected":false},"excerpt":{"rendered":"<p>rencontres arles 2011<\/p>\n","protected":false},"author":1,"featured_media":0,"comment_status":"closed","ping_status":"closed","sticky":false,"template":"","format":"standard","meta":{"footnotes":""},"categories":[1],"tags":[],"_links":{"self":[{"href":"https:\/\/dig-stuttgart.de\/info\/wp-json\/wp\/v2\/posts\/6804"}],"collection":[{"href":"https:\/\/dig-stuttgart.de\/info\/wp-json\/wp\/v2\/posts"}],"about":[{"href":"https:\/\/dig-stuttgart.de\/info\/wp-json\/wp\/v2\/types\/post"}],"author":[{"embeddable":true,"href":"https:\/\/dig-stuttgart.de\/info\/wp-json\/wp\/v2\/users\/1"}],"replies":[{"embeddable":true,"href":"https:\/\/dig-stuttgart.de\/info\/wp-json\/wp\/v2\/comments?post=6804"}],"version-history":[{"count":1,"href":"https:\/\/dig-stuttgart.de\/info\/wp-json\/wp\/v2\/posts\/6804\/revisions"}],"predecessor-version":[{"id":6805,"href":"https:\/\/dig-stuttgart.de\/info\/wp-json\/wp\/v2\/posts\/6804\/revisions\/6805"}],"wp:attachment":[{"href":"https:\/\/dig-stuttgart.de\/info\/wp-json\/wp\/v2\/media?parent=6804"}],"wp:term":[{"taxonomy":"category","embeddable":true,"href":"https:\/\/dig-stuttgart.de\/info\/wp-json\/wp\/v2\/categories?post=6804"},{"taxonomy":"post_tag","embeddable":true,"href":"https:\/\/dig-stuttgart.de\/info\/wp-json\/wp\/v2\/tags?post=6804"}],"curies":[{"name":"wp","href":"https:\/\/api.w.org\/{rel}","templated":true}]}}