{"id":6810,"date":"2020-07-06T15:07:47","date_gmt":"2020-07-06T15:07:47","guid":{"rendered":"http:\/\/dig-stuttgart.de\/info\/?p=6810"},"modified":"2020-06-28T05:43:29","modified_gmt":"2020-06-28T05:43:29","slug":"president-republique-prostituee","status":"publish","type":"post","link":"https:\/\/dig-stuttgart.de\/info\/2020\/07\/06\/president-republique-prostituee\/","title":{"rendered":"President Republique Prostituee"},"content":{"rendered":"<p>Nouvelles personnes prostitues ont fait leur apparition, dans Oui, mais pas \u00e0 la hauteur de ce quelle devrait. Heineken pratique loptimisation fiscale gr\u00e2ce \u00e0 une agence bas\u00e9e en Belgique et uniquement destin\u00e9e au continent. Cette soci\u00e9t\u00e9 nomm\u00e9e Ibecor pour International Beverages Corporation est un prestataire logistique. Danciens employ\u00e9s mont expliqu\u00e9 quelle facturait parfois dix fois plus cher certains services. Cette surfacturation permet de rapatrier des b\u00e9n\u00e9fices en Belgique afin quils ne soient pas tax\u00e9s en Afrique. La parution de votre livre a-t-elle eu des cons\u00e9quences pour Heineken?  Une personne de nationalit\u00e9 fran\u00e7aise ou r\u00e9sidant habituellement en France peut \u00e9galement \u00eatre poursuivie par la justice fran\u00e7aise en tant que client dun prostitu\u00e9 mineur :  La multinationale a continu\u00e9 de produire de la bi\u00e8re pendant les massacres. La Primus, la marque produite par Heineken au Rwanda, permettait aux Interahamwe, les milices hutu, d\u00eatre ivres. Il suffit de lire Une saison de machettes, de Jean Hatzfeld, pour comprendre \u00e0 quel point cette bi\u00e8re servait de motivation pendant les tueries et de r\u00e9compense apr\u00e8s. Par ailleurs, Heineken a continu\u00e9 de payer des taxes au r\u00e9gime g\u00e9nocidaire. Lire aussi Mais la firme \u00e9tait-elle en mesure de stopper sa production? 8La situation critique de milliers de femmes explique donc le recours \u00e0 la prostitution, et ce m\u00eame lorsquelles ont un travail r\u00e9mun\u00e9r\u00e9. Il ne sagit donc pas de quelques femmes marginales, mais de milliers de m\u00e8res, d\u00e9pouses, de veuves et de travailleuses. Les sources officielles parlent de 11 500 prostitu\u00e9es enregistr\u00e9es en 1953, mais il se pourrait que ce chiffre soit bien plus \u00e9lev\u00e9 et quelles aient repr\u00e9sent\u00e9 environ 12 des 780 120 femmes que compte la ville en 1958. En 1899, la commission dHygi\u00e8ne sp\u00e9ciale de La Havane dirig\u00e9e par le m\u00e9decin Mat\u00edas Duque enregistre officiellement 858 femmes publiques dans la capitale, mais il est pr\u00e9cis\u00e9 que ces chiffres sont \u00e0 multiplier par dix si lon tient compte des femmes qui officient officieusement. En 1902, on en recense 744, dont 585 sont n\u00e9es \u00e0 Cuba. Parmi ces natives, 378 sont blanches, 111 sont noires et 96 sont m\u00e9tisses. Pour Santiago, on recense officiellement 209 prostitu\u00e9es, dont 136 Blanches, 16 Noires et 57 m\u00e9tisses. Ces informations montrent bien que la prostitution nest pas r\u00e9serv\u00e9e aux femmes de couleur et quelle touche au contraire une majorit\u00e9 de femmes blanches d\u00e9munies au sortir des guerres dind\u00e9pendance. Afin de parfaire sa formation, il part deux ans pour l, o\u00f9 il apprend l et les notions du. Par la suite, engag\u00e9 dans les, F\u00e9lix Faure envisage une carri\u00e8re militaire, mais la len dissuade. En 1861, il effectue un stage de 18 mois \u00e0 la tannerie d. Toutefois, la discussion en s\u00e9ance des projets de r\u00e9vision constitutionnelle, des projets de loi de finances et des projets de loi de financement de la s\u00e9curit\u00e9 sociale porte, en premi\u00e8re lecture devant la premi\u00e8re assembl\u00e9e saisie, sur le texte pr\u00e9sent\u00e9 par le Gouvernement et, pour les autres lectures, sur le texte transmis par lautre assembl\u00e9e-Le salaire diminu\u00e9 de 30 : cest vrai. En 2012, le vice-pr\u00e9sident Khumbo Kachali a ainsi annonc\u00e9 que la pr\u00e9sidente avait d\u00e9cid\u00e9 de r\u00e9duire son salaire de 30, comme lexpliquait cette AFP. Les lois organiques, avant leur promulgation, les propositions de loi mentionn\u00e9es \u00e0 larticle 11 avant quelles ne soient soumises au r\u00e9f\u00e9rendum, et les r\u00e8glements des assembl\u00e9es parlementaires, avant leur mise en application, doivent \u00eatre soumis au Conseil constitutionnel qui se prononce sur leur conformit\u00e9 \u00e0 la Constitution. Pour ta recherche, tape ton mot et appuie sur la touche Entr\u00e9e ou sur la loupe Recherche pour : Rechercher El\u00e9ment marquant, dans 72 des cas \u00e9tudi\u00e9s, les faits de violences d\u00e9nonc\u00e9s aux autorit\u00e9s comp\u00e9tentes nont pas fait lobjet de suites judiciaires. Dans ses pr\u00e9conisations l\u00e9tude met donc en avant la n\u00e9cessit\u00e9 absolue de mieux d\u00e9celer mais aussi de mieux prendre en charge les personnes victimes ou en situation de le devenir. Les pr\u00e9conisations formul\u00e9es sont les suivantes : Envoyer \u00e0 ladresse e-mail Votre nom Votre adresse e-mail Une m\u00e9daille \u00e0 leffigie de F\u00e9lix Faure a \u00e9t\u00e9 r\u00e9alis\u00e9e par le graveur en 1898. Un exemplaire en est conserv\u00e9 au ND 0249. <img decoding=\"async\" src=\"http:\/\/www.europasprak.com\/account\/data\/news\/newsStory\/image\/president.jpg\" alt=\"president republique prostituee\" align=\"right\"> Mise sous pression par Rachida Dati, la candidate de La R\u00e9publique en marche a choisi de lui r\u00e9pondre sur le terrain de la s\u00e9curit\u00e9 jeudi pour son entr\u00e9e en campagne dans la capitale. <img decoding=\"async\" src=\"http:\/\/medias.photodeck.com\/c669ba7f-39bb-428f-b90f-ae55e7f3f112\/1001556-19-XHORVILLE_xlarge.jpg\" alt=\"president republique prostituee\" align=\"right\">  Lettre ouverte au pr\u00e9sident de la R\u00e9publique : Les mineurs \u00e9trangers sont avant tout des mineurs comme les autres Le SAF En Seine-Saint-Denis, les violences polici\u00e8res ont \u00e9maill\u00e9 la p\u00e9riode du confinement. En ce d\u00e9but juin, la question des violences et du racisme dans la police a fait brutalement irruption sur la sc\u00e8ne m\u00e9diatique et politique, avec le meurtre de George Floyd \u00e0 Minneapolis, et le succ\u00e8s de la grande manifestation organis\u00e9e par le comit\u00e9 Adama en France. Entretien avec Fabien Jobard, chercheur sp\u00e9cialis\u00e9 sur les questions de police. <img decoding=\"async\" src=\"http:\/\/www.carrefour.com\/sites\/default\/files\/carrefour.comvdef_uk1.jpg\" alt=\"president republique prostituee\" align=\"right\"> Me Brigitte Bertin, Avocate au Barreau de Besan\u00e7on Tom\u00e1s Fern\u00e1ndez Robaina, Recuerdos secretos de dos mujeres p\u00fablicas, La Habana, Editorial Letras Cubanas, 1984, p.40. Nous traduisons. Cest vraiment probl\u00e9matique. On doit parfois attendre jusqu\u00e0 trois \u00e0 quatre jours, se plaint Hussein Juma, chauffeur de 43 ans originaire de Mombasa. Il d\u00e9plore aussi le fait d\u00eatre d\u00e9sormais stigmatis\u00e9 et affubl\u00e9 de noms tels que corona sur son trajet.<\/p>\n","protected":false},"excerpt":{"rendered":"<p>president republique prostituee<\/p>\n","protected":false},"author":1,"featured_media":0,"comment_status":"closed","ping_status":"closed","sticky":false,"template":"","format":"standard","meta":{"footnotes":""},"categories":[1],"tags":[],"_links":{"self":[{"href":"https:\/\/dig-stuttgart.de\/info\/wp-json\/wp\/v2\/posts\/6810"}],"collection":[{"href":"https:\/\/dig-stuttgart.de\/info\/wp-json\/wp\/v2\/posts"}],"about":[{"href":"https:\/\/dig-stuttgart.de\/info\/wp-json\/wp\/v2\/types\/post"}],"author":[{"embeddable":true,"href":"https:\/\/dig-stuttgart.de\/info\/wp-json\/wp\/v2\/users\/1"}],"replies":[{"embeddable":true,"href":"https:\/\/dig-stuttgart.de\/info\/wp-json\/wp\/v2\/comments?post=6810"}],"version-history":[{"count":1,"href":"https:\/\/dig-stuttgart.de\/info\/wp-json\/wp\/v2\/posts\/6810\/revisions"}],"predecessor-version":[{"id":6811,"href":"https:\/\/dig-stuttgart.de\/info\/wp-json\/wp\/v2\/posts\/6810\/revisions\/6811"}],"wp:attachment":[{"href":"https:\/\/dig-stuttgart.de\/info\/wp-json\/wp\/v2\/media?parent=6810"}],"wp:term":[{"taxonomy":"category","embeddable":true,"href":"https:\/\/dig-stuttgart.de\/info\/wp-json\/wp\/v2\/categories?post=6810"},{"taxonomy":"post_tag","embeddable":true,"href":"https:\/\/dig-stuttgart.de\/info\/wp-json\/wp\/v2\/tags?post=6810"}],"curies":[{"name":"wp","href":"https:\/\/api.w.org\/{rel}","templated":true}]}}