{"id":6818,"date":"2020-07-06T17:18:21","date_gmt":"2020-07-06T17:18:21","guid":{"rendered":"http:\/\/dig-stuttgart.de\/info\/?p=6818"},"modified":"2020-06-28T05:46:03","modified_gmt":"2020-06-28T05:46:03","slug":"rencontre-de-la-chanson-francophone-premilhat","status":"publish","type":"post","link":"https:\/\/dig-stuttgart.de\/info\/2020\/07\/06\/rencontre-de-la-chanson-francophone-premilhat\/","title":{"rendered":"Rencontre De La Chanson Francophone &#8211; Premilhat"},"content":{"rendered":"<p>062017 : R\u00e9sidence BOULANGE, OTTANGE, REDANGE, RUSSANGE, THIL, AUDUN LE TICHE, AUMEZT et VILLERUPT Avec le soutien du minist\u00e8re de la Culture et de la Communication, dans le cadre de lappel \u00e0 projets services num\u00e9riques culturels innovants 2012. \u0395\u03b8\u03bd\u03b9\u03ba\u03b7 \u03b1\u03bd\u03c3\u03b1\u03bc\u03c0\u03bb 2015 \u039c\u03b1\u03c1\u03bf\u03cd\u03c3\u03b9, \u0392\u03b1\u03c3\u03b9\u03bb\u03af\u03c3\u03c3\u03b7\u03c2 \u03a3\u03bf\u03c6\u03af\u03b1\u03c2 83 \u03a4.\u039a.15124 11e Rencontre de la Chanson Francophone-Festival France 2020 Guide, Programmation, concerts, billets..  Pourquoi ne pas venir rencontrer un de nos artistes, pour cela nous vous offrons une place sur une repr\u00e9sentation au choix de notre festival. Sans oublier de vous offrir 1 cd au choix dune compilation des 42 artistes qui se sont produits \u00e0 Pr\u00e9milhat. FestiVal de Marne 2015, On conna\u00eet la Chanson, Rencontres Marc Robine 2015, TaParole 2015, Ptits Bouchons 2015, Chansons de paroles, Barjac 2014, D\u00e9couvrir Conc\u00e8ze 2014,2015, Les Mascarets, Pont Audemer 2014, Blabla Song aux Blancs Manteaux 2013, Caf\u00e9s Ol\u00e9 de Ch\u00e2tellerault marraine de la premi\u00e8re \u00e9dition en 2012, Rencontres de la Chanson Francophone de Pr\u00e9milhat 2011,2015, Chanson de Caf\u00e9 de Pornic 2011, FestivArt 2011 Nos budgets sont calcul\u00e9s au plus juste et notre politique tarifaire est doffrir des spectacles de qualit\u00e9 \u00e0 des prix plus que raisonnables. ACP LA MANUFACTURE CHANSON 124, avenue de la R\u00e9publique 75011 Paris  Dans la salle des f\u00eates de Pr\u00e9milhat, la soir\u00e9e a \u00e9t\u00e9 consacr\u00e9e \u00e0 deux femmes de talents. Liserons et orties paroles et musique : Delphine Coutant. Remove_red_eye error_outline Mot de passe incorrect Je me connecte Herv\u00e9, Gets et Fred feront voyager en musique les spectateurs de la salle des f\u00eates. <img decoding=\"async\" src=\"http:\/\/www.note.anglersacademy.org\/media\/00\/01\/547555462.jpg\" alt=\"rencontre de la chanson francophone-premilhat\" align=\"right\"> Largent collect\u00e9 nous permettra de cr\u00e9er le spectacle Putain de concert tel que nous limaginons. Ce spectacle pr\u00e9sente en effet un co\u00fbt est plus \u00e9lev\u00e9 que les autres du fait du nombre dartistes pr\u00e9sents sur sc\u00e8ne.  <img decoding=\"async\" src=\"http:\/\/subject.serenitynowmassagetherapy.com\/img\/400\/5769502121e05-services-nettoyage-et-ravalement-de-facades-peintre-ravaleur-auto-rochefort-17300-poitou-charente-1-400.jpg\" alt=\"rencontre de la chanson francophone-premilhat\" align=\"left\"> <img decoding=\"async\" src=\"http:\/\/p0.storage.canalblog.com\/06\/32\/1250597\/107924538_o.jpg\" alt=\"rencontre de la chanson francophone-premilhat\" align=\"center\"> \u03a4\u03bf \u03ba\u03b1\u03bb\u03ac\u03b8\u03b9 \u03c3\u03b1\u03c2 \u03b5\u03af\u03bd\u03b1\u03b9 \u03ac\u03b4\u03b5\u03b9\u03bf \u03ba\u03b1\u03c4\u03c3\u03b9\u03ba\u03af\u03c3\u03b9\u03bf \u03ba\u03c1\u03b7\u03c4\u03b9\u03ba\u03cc \u03b3\u03b9\u03b1\u03bf\u03cd\u03c1\u03c4\u03b9 Les informations que vous trouverez sur le site ne sont peut \u00eatre pas \u00e0 jour car nous d\u00e9pendons principalement de la communication des artistes et des salles. Recevez chaque semaine lactualit\u00e9 concerts de votre r\u00e9gion. Inscrivez vous! Je minscris.<\/p>\n","protected":false},"excerpt":{"rendered":"<p>rencontre de la chanson francophone &#8211; premilhat<\/p>\n","protected":false},"author":1,"featured_media":0,"comment_status":"closed","ping_status":"closed","sticky":false,"template":"","format":"standard","meta":{"footnotes":""},"categories":[1],"tags":[],"_links":{"self":[{"href":"https:\/\/dig-stuttgart.de\/info\/wp-json\/wp\/v2\/posts\/6818"}],"collection":[{"href":"https:\/\/dig-stuttgart.de\/info\/wp-json\/wp\/v2\/posts"}],"about":[{"href":"https:\/\/dig-stuttgart.de\/info\/wp-json\/wp\/v2\/types\/post"}],"author":[{"embeddable":true,"href":"https:\/\/dig-stuttgart.de\/info\/wp-json\/wp\/v2\/users\/1"}],"replies":[{"embeddable":true,"href":"https:\/\/dig-stuttgart.de\/info\/wp-json\/wp\/v2\/comments?post=6818"}],"version-history":[{"count":1,"href":"https:\/\/dig-stuttgart.de\/info\/wp-json\/wp\/v2\/posts\/6818\/revisions"}],"predecessor-version":[{"id":6819,"href":"https:\/\/dig-stuttgart.de\/info\/wp-json\/wp\/v2\/posts\/6818\/revisions\/6819"}],"wp:attachment":[{"href":"https:\/\/dig-stuttgart.de\/info\/wp-json\/wp\/v2\/media?parent=6818"}],"wp:term":[{"taxonomy":"category","embeddable":true,"href":"https:\/\/dig-stuttgart.de\/info\/wp-json\/wp\/v2\/categories?post=6818"},{"taxonomy":"post_tag","embeddable":true,"href":"https:\/\/dig-stuttgart.de\/info\/wp-json\/wp\/v2\/tags?post=6818"}],"curies":[{"name":"wp","href":"https:\/\/api.w.org\/{rel}","templated":true}]}}