{"id":6822,"date":"2020-07-06T23:22:38","date_gmt":"2020-07-06T23:22:38","guid":{"rendered":"http:\/\/dig-stuttgart.de\/info\/?p=6822"},"modified":"2020-06-28T05:46:54","modified_gmt":"2020-06-28T05:46:54","slug":"site-de-rencontre-suisse-neuchatel-2","status":"publish","type":"post","link":"https:\/\/dig-stuttgart.de\/info\/2020\/07\/06\/site-de-rencontre-suisse-neuchatel-2\/","title":{"rendered":"Site De Rencontre Suisse Neuchatel"},"content":{"rendered":"<p>Dimanche, L\u00e9a et Isaline se sont rendues au Corso Fleuri pour aller \u00e0 la rencontre des gens et savoir comment sest pass\u00e9 la F\u00eate des Vendanges pour eux. Les Collectives Neuch\u00e2teloises-Neuch\u00e2tel-Assurance maladie Cherche uniquement femme bi ou lesbienne sans homme. Rien de s\u00e9rieux, uniquement pour samuser, du plaisir charnel. Il y a quelques ann\u00e9es, les sites de rencontre gratuits \u00e9taient nombreux. Dans les faits, il ne sagissait pas r\u00e9ellement de sites de rencontre totalement gratuits mais de sites dont le mod\u00e8le daffaire ne passait pas par un syst\u00e8me dabonnement.  De nombreuses copines mont parl\u00e9 de ce site..alors je demande qu\u00e0 voir. 3 : avec les cours Baby Me, m\u00ealant musique et mouvement, maman se remet en forme et b\u00e9b\u00e9 d\u00e9couvre de nouvelles sensations corporelles. Ouvrez grand vos chakras et oubliez que votre enfant fait ses dents.. D\u00e8s 4 semaines <img decoding=\"async\" src=\"http:\/\/www.gbeu.ch\/typo3temp\/pics\/80bfc0deba.jpg\" alt=\"site de rencontre suisse neuchatel\" align=\"left\">  Passez un peu de temps \u00e0 lire les diff\u00e9rentes fiches descriptive avant de faire votre choix final, vous trouverez certainement chaussures \u00e0 votre pied! Les sites de rencontre gratuits Recherche un homme: Amour, Amiti\u00e9, Discussions, Autre raison <img decoding=\"async\" src=\"http:\/\/acidmoto.ch\/cms\/sites\/default\/files\/img\/epsilon\/1\/13590290_625198350973257_664188029383799358_n.jpg\" alt=\"site de rencontre suisse neuchatel\" align=\"center\"> Quelle est limportance des contes aujourdhui, comment les raconter?  34 ans bi en couple je suis \u00e0 la recherche dune exp\u00e9rience f\u00e9minine pleine de sensualit\u00e9. Je suis une femme tr\u00e8s tactile et je suis d\u00e9sireuse de trouver une partenaire pleine de sensibilit\u00e9 et d\u00e9rotisme qui saura \u00e9veiller mes sens. Des \u00e9lus am\u00e9ricains, europ\u00e9ens et japonais ont lanc\u00e9 lAlliance interparlementaire sur la Chine afin de coordonner leur r\u00e9ponse face \u00e0 ce quils qualifient de d\u00e9fi global qui d\u00e9finira le si\u00e8cle <img decoding=\"async\" src=\"http:\/\/adventiste.ch\/wp-content\/uploads\/2017\/06\/DSC6681-1200x667.jpg\" alt=\"site de rencontre suisse neuchatel\" align=\"right\"> Les CFF se mettent \u00e0 l\u00e9lectricit\u00e9 solaire pour leurs. 12.06.2020 13:52 LESPEEDDATING.com, 5 avenue Barbara BP 12 44570 Trignac-France Jacques B\u00e9guin, Le ch\u00e2teau de Neuch\u00e2tel, Neuch\u00e2tel, La Baconni\u00e8re, 1948 D\u00e9partement du d\u00e9veloppement territorial et de lenvironnement DDTE LItalie, deuxi\u00e8me pays le plus endeuill\u00e9 en Europe apr\u00e8s la Grande-Bretagne, entamera lundi son d\u00e9confinement. KEYSTONEEPAANGELO CARCONI.<\/p>\n","protected":false},"excerpt":{"rendered":"<p>site de rencontre suisse neuchatel<\/p>\n","protected":false},"author":1,"featured_media":0,"comment_status":"closed","ping_status":"closed","sticky":false,"template":"","format":"standard","meta":{"footnotes":""},"categories":[1],"tags":[],"_links":{"self":[{"href":"https:\/\/dig-stuttgart.de\/info\/wp-json\/wp\/v2\/posts\/6822"}],"collection":[{"href":"https:\/\/dig-stuttgart.de\/info\/wp-json\/wp\/v2\/posts"}],"about":[{"href":"https:\/\/dig-stuttgart.de\/info\/wp-json\/wp\/v2\/types\/post"}],"author":[{"embeddable":true,"href":"https:\/\/dig-stuttgart.de\/info\/wp-json\/wp\/v2\/users\/1"}],"replies":[{"embeddable":true,"href":"https:\/\/dig-stuttgart.de\/info\/wp-json\/wp\/v2\/comments?post=6822"}],"version-history":[{"count":1,"href":"https:\/\/dig-stuttgart.de\/info\/wp-json\/wp\/v2\/posts\/6822\/revisions"}],"predecessor-version":[{"id":6823,"href":"https:\/\/dig-stuttgart.de\/info\/wp-json\/wp\/v2\/posts\/6822\/revisions\/6823"}],"wp:attachment":[{"href":"https:\/\/dig-stuttgart.de\/info\/wp-json\/wp\/v2\/media?parent=6822"}],"wp:term":[{"taxonomy":"category","embeddable":true,"href":"https:\/\/dig-stuttgart.de\/info\/wp-json\/wp\/v2\/categories?post=6822"},{"taxonomy":"post_tag","embeddable":true,"href":"https:\/\/dig-stuttgart.de\/info\/wp-json\/wp\/v2\/tags?post=6822"}],"curies":[{"name":"wp","href":"https:\/\/api.w.org\/{rel}","templated":true}]}}