{"id":6826,"date":"2020-07-06T23:47:20","date_gmt":"2020-07-06T23:47:20","guid":{"rendered":"http:\/\/dig-stuttgart.de\/info\/?p=6826"},"modified":"2020-06-28T05:48:23","modified_gmt":"2020-06-28T05:48:23","slug":"rencontre-port-grimaud","status":"publish","type":"post","link":"https:\/\/dig-stuttgart.de\/info\/2020\/07\/06\/rencontre-port-grimaud\/","title":{"rendered":"Rencontre Port Grimaud"},"content":{"rendered":"<p>Alors si jai une chose \u00e0 dire \u00e0 des amis : Allez y, cest vraiment super En vente \u00e0 lAdministration : Verres drink, \u00e0 vin, fl\u00fbte \u00e0 champagne et tasses \u00e0 caf\u00e9 A ce titre, lAssociation songe \u00e0 candidater \u00e0 lAppel \u00e0 initiatives Gestion des eaux pluviales int\u00e9gr\u00e9e \u00e0 lam\u00e9nagement urbain pour encourager l\u00e9mergence de projets de valorisation des eaux pluviales dans les projets dam\u00e9nagements, visant \u00e0 une gestion durable des eaux de pluie. Pour la huiti\u00e8me \u00e9dition, lAssociation Syndicale de Port Grimaud et ses partenaires invitent lensemble des propri\u00e9ta.. Nous mettons toutes les chances de notre c\u00f4t\u00e9 mais la nature est impr\u00e9visible Seul ou en groupe, si vous \u00eates de passage \u00e0 La Chapelle de Guinchay, nh\u00e9sitez pas  14h : Rassemblement place de la Mairie avec kermesse Le site officiel du tourisme varois pour pr\u00e9parer vos vacances <img decoding=\"async\" src=\"http:\/\/general.gabygannon.com\/wp-content\/uploads\/2016\/11\/Kery-James-radio-londres-314x160.jpg\" alt=\"rencontre port grimaud\" align=\"center\"> Femme de 53 ans, dynamique pleine de vie, croie encore \u00e0 une belle rencontre sinc\u00e8re avec une beaut\u00e9 int\u00e9rieure qui refl\u00e8te l\u00e2me, aime la famille, rire, pas de monotonie pr\u00eate \u00e0 sinvestir enti\u00e8rement et totalement pour faire un chemin a deux, main dans la main. R\u00e9gion: PrestaMarine, location de bateaux \u00e0 Port Grimaud-PrestaMarine Ouvert depuis 2008 \u00e0 Guipavas dans la zone commerciale du Froutven, le magasin IKEA de Brest.. Le prochain Marathon du Pays Basque aura lieu le 21 juillet 2018. Marathon du Pays-Basque :.. Nous avons pass\u00e9 un s\u00e9jour superbe et nos petits enfants se sont r\u00e9gal\u00e9s. Animations avec Pilou et ses animateurs et animatrices au top. Personnel et camping rien \u00e0 dire; Tous au top Pour la 5\u00e8me ann\u00e9e cons\u00e9cutive, lAssociation Syndicale de Port Grimaud et ses partenai.. En pr\u00e9sence de Carabouille et toute son \u00e9quipe, venez assister \u00e0 lavant premi\u00e8re de leur tout nouveau chef d\u0153uvre au camping Pachaca\u00efd. Pr\u00e9parez-vous \u00e0 en avoir plein des yeux! Humour et fou rire garantis. Noubliez pas les pop-corn ;  <img decoding=\"async\" src=\"http:\/\/img.over-blog.com\/600x450\/2\/37\/48\/51\/Vacances-Antibes-Juan-les-Pins-st-Tropez-septembre-2012\/PICT1625.JPG\" alt=\"rencontre port grimaud\" align=\"right\"> R\u00e9fection de la place de lEglise \u00e0 partir du lundi 8 janvier 2018 Mais tr\u00e8s vite les d\u00e9saccords vont appara\u00eetre : lun veut dire le vrai, ne pas tricher tandis que lautre veut se d\u00e9tacher du r\u00e9el.  <img decoding=\"async\" src=\"http:\/\/idata.over-blog.com\/3\/39\/38\/07\/\/Dossier-Grand-Sud\/Port-Grimaud-voiliers-le-Muy\/France.jpg\" alt=\"rencontre port grimaud\" align=\"center\"> Le couple rencontre alors German Frers, lun des cinq meilleurs architectes navals du moment. Il rend sa copie, le couple est enthousiaste : le Saskia Too tutoiera les 18 m\u00e8tres mais aura la puissance et une surface de voilure similaires aux bateaux qui disputent la Coupe de lAmerica.<\/p>\n","protected":false},"excerpt":{"rendered":"<p>rencontre port grimaud<\/p>\n","protected":false},"author":1,"featured_media":0,"comment_status":"closed","ping_status":"closed","sticky":false,"template":"","format":"standard","meta":{"footnotes":""},"categories":[1],"tags":[],"_links":{"self":[{"href":"https:\/\/dig-stuttgart.de\/info\/wp-json\/wp\/v2\/posts\/6826"}],"collection":[{"href":"https:\/\/dig-stuttgart.de\/info\/wp-json\/wp\/v2\/posts"}],"about":[{"href":"https:\/\/dig-stuttgart.de\/info\/wp-json\/wp\/v2\/types\/post"}],"author":[{"embeddable":true,"href":"https:\/\/dig-stuttgart.de\/info\/wp-json\/wp\/v2\/users\/1"}],"replies":[{"embeddable":true,"href":"https:\/\/dig-stuttgart.de\/info\/wp-json\/wp\/v2\/comments?post=6826"}],"version-history":[{"count":1,"href":"https:\/\/dig-stuttgart.de\/info\/wp-json\/wp\/v2\/posts\/6826\/revisions"}],"predecessor-version":[{"id":6827,"href":"https:\/\/dig-stuttgart.de\/info\/wp-json\/wp\/v2\/posts\/6826\/revisions\/6827"}],"wp:attachment":[{"href":"https:\/\/dig-stuttgart.de\/info\/wp-json\/wp\/v2\/media?parent=6826"}],"wp:term":[{"taxonomy":"category","embeddable":true,"href":"https:\/\/dig-stuttgart.de\/info\/wp-json\/wp\/v2\/categories?post=6826"},{"taxonomy":"post_tag","embeddable":true,"href":"https:\/\/dig-stuttgart.de\/info\/wp-json\/wp\/v2\/tags?post=6826"}],"curies":[{"name":"wp","href":"https:\/\/api.w.org\/{rel}","templated":true}]}}