{"id":6828,"date":"2020-07-06T12:19:45","date_gmt":"2020-07-06T12:19:45","guid":{"rendered":"http:\/\/dig-stuttgart.de\/info\/?p=6828"},"modified":"2020-06-28T05:49:09","modified_gmt":"2020-06-28T05:49:09","slug":"centre-de-rencontre-ambronay","status":"publish","type":"post","link":"https:\/\/dig-stuttgart.de\/info\/2020\/07\/06\/centre-de-rencontre-ambronay\/","title":{"rendered":"Centre De Rencontre Ambronay"},"content":{"rendered":"<p> La CGT, depuis d\u00e9j\u00e0 plusieurs mois, alerte le grand public sur les dangers de la r\u00e9forme des retraites qui ne dit pas son nom : Pr\u00e9carit\u00e9! jeu, 06112020-12:00 Mardi 16 juin Journ\u00e9e daction Sant\u00e9 Plus de 1000 ans dhistoire vous attendent \u00e0 lAbbaye. D\u00e9couvrez son clo\u00eetre gothique, ses tours de d\u00e9fense, son abbatiale et percez ses secrets. En visite libre et gratuite, en visite guid\u00e9e ou accompagn\u00e9 dune tablette, plongez au c\u0153ur de lHistoire. Labbatiale dAmbronay, haut-lieu de la musique baroque par Bernard Aubert. Neum\u00fcnster Abbey 16 06 i nto a cultural centre. <img decoding=\"async\" src=\"http:\/\/img.over-blog-kiwi.com\/0\/81\/42\/97\/20170523\/ob_39efa8_abbaye-ambronay-fleurs-ain-coquelicot.jpg\" alt=\"centre de rencontre ambronay\" align=\"center\">  Agenda Parce quil se passe toujours quelque chose, consultez notre agenda! Le Centre culturel de rencontre dAmbronay ferme ses portes au public jusqu\u00e0 nouvel ordre. Toutes les activit\u00e9s et \u00e9v\u00e9nements pr\u00e9vus sont annul\u00e9s ou report\u00e9s, en attendant des jours meilleurs avec la 41e \u00e9dition du festival \u00e0 la fin de l\u00e9t\u00e9. Ancienne abbaye b\u00e9n\u00e9dictine centre culturel de rencontre : portails de l\u00e9glise abbatiale Le jury sera compos\u00e9 dau moins un repr\u00e9sentant par cat\u00e9gorie et dun Pr\u00e9sident invit\u00e9 conjointement.-La mairie dAmbronay qui ma confi\u00e9 ce projet. Juste apr\u00e8s linstallation Centre culturel de Rencontre, l Abbaye de Fontevraud.. Centre culturel de rencontre dAmbronay-Le Banquet C\u00e9leste Une visite men\u00e9e par deux conteuses et notre guide, pour appr\u00e9hender lhistoire de lAbbaye autrement et d\u00e9couvrir des lieux insolites. Les Six Voix Solistes, ensemble vocal professionnel fond\u00e9 il y a plus de 20 ans et bas\u00e9 \u00e0 Bourg-en-Bresse, vous offre un Impromptu hors des sentiers battus le vendredi 29 avril 2016. Luxembourg inscrits sur la liste du patrimoine..,, Nombre de grands noms de la musique baroque ont pris leur envol \u00e0 Ambronay. Ambronay na jamais men\u00e9 de campagne de grande envergure pour le d\u00e9veloppement du m\u00e9c\u00e9nat. Il sest fait, constate V. L\u00f6w, de proche en proche. Nous nous sommes rapproch\u00e9s de nos fournisseurs principaux, ceux avec lesquels nous entretenons des liens de longue date. Nous avons commenc\u00e9 par les banques avec lesquelles nous travaillons. Notre m\u00e9c\u00e8ne principal depuis plusieurs ann\u00e9es maintenant, est la Caisse dEpargne. Le CIC nous a aid\u00e9 par le pass\u00e9 et, le Cr\u00e9dit Agricole demeure pr\u00e9sent, m\u00eame si cest d\u00e9sormais dans une moindre mesure. <img decoding=\"async\" src=\"http:\/\/www.rhonealpesarts.com\/uploads\/tx_edirectory\/DSC_0089Festival_dAmbronay2__Bertrand_PICHENE-CCR_AMBRONAY_01.jpg\" alt=\"centre de rencontre ambronay\" align=\"right\"> Vendredi 24 juillet, 19h : les Contre-Sujets ensemble eeemerging b\u00e9n\u00e9ficie dun d\u00e9cor spectaculaire qui sinscrit.. Qobuz partenaire du Centre Culturel de Rencontre dAmbronay <img decoding=\"async\" src=\"http:\/\/www.musebaroque.fr\/MB_Archive\/images\/201209_Ambronay_086.JPG\" alt=\"centre de rencontre ambronay\" align=\"right\"> .<\/p>\n","protected":false},"excerpt":{"rendered":"<p>centre de rencontre ambronay<\/p>\n","protected":false},"author":1,"featured_media":0,"comment_status":"closed","ping_status":"closed","sticky":false,"template":"","format":"standard","meta":{"footnotes":""},"categories":[1],"tags":[],"_links":{"self":[{"href":"https:\/\/dig-stuttgart.de\/info\/wp-json\/wp\/v2\/posts\/6828"}],"collection":[{"href":"https:\/\/dig-stuttgart.de\/info\/wp-json\/wp\/v2\/posts"}],"about":[{"href":"https:\/\/dig-stuttgart.de\/info\/wp-json\/wp\/v2\/types\/post"}],"author":[{"embeddable":true,"href":"https:\/\/dig-stuttgart.de\/info\/wp-json\/wp\/v2\/users\/1"}],"replies":[{"embeddable":true,"href":"https:\/\/dig-stuttgart.de\/info\/wp-json\/wp\/v2\/comments?post=6828"}],"version-history":[{"count":1,"href":"https:\/\/dig-stuttgart.de\/info\/wp-json\/wp\/v2\/posts\/6828\/revisions"}],"predecessor-version":[{"id":6829,"href":"https:\/\/dig-stuttgart.de\/info\/wp-json\/wp\/v2\/posts\/6828\/revisions\/6829"}],"wp:attachment":[{"href":"https:\/\/dig-stuttgart.de\/info\/wp-json\/wp\/v2\/media?parent=6828"}],"wp:term":[{"taxonomy":"category","embeddable":true,"href":"https:\/\/dig-stuttgart.de\/info\/wp-json\/wp\/v2\/categories?post=6828"},{"taxonomy":"post_tag","embeddable":true,"href":"https:\/\/dig-stuttgart.de\/info\/wp-json\/wp\/v2\/tags?post=6828"}],"curies":[{"name":"wp","href":"https:\/\/api.w.org\/{rel}","templated":true}]}}