{"id":6844,"date":"2020-07-06T17:25:58","date_gmt":"2020-07-06T17:25:58","guid":{"rendered":"http:\/\/dig-stuttgart.de\/info\/?p=6844"},"modified":"2020-06-28T05:53:59","modified_gmt":"2020-06-28T05:53:59","slug":"a-la-rencontre-du-mouvement-gothique","status":"publish","type":"post","link":"https:\/\/dig-stuttgart.de\/info\/2020\/07\/06\/a-la-rencontre-du-mouvement-gothique\/","title":{"rendered":"A La Rencontre Du Mouvement Gothique"},"content":{"rendered":"<p><img decoding=\"async\" src=\"http:\/\/rampok.org\/img\/d6aa661218a36a6e74e3c317a80063b6.jpg\" alt=\"a la rencontre du mouvement gothique\" align=\"center\"> On accompagnera sa robe de mari\u00e9e gothique de, bagues, colliers ras-de-cou, broches et daccessoires, mitaines et sac \u00e0 main, pour parfaire son style, quil soit romantique victorien, glamour ou dark gothique. Sans oublier le bouquet de fleurs, rouges ou noires de pr\u00e9f\u00e9rences, comme des roses ou dahlias. La coiffure de la mari\u00e9e doit \u00e9galement sharmoniser avec la robe et peut-\u00eatre agr\u00e9ment\u00e9e de volants et de tulles.  Les entreprises de voyance et le march\u00e9 de la magie source potentielle descroquerie commerciale ; Les parties basses du ch\u0153ur de Saint-Denis mettent en \u0153uvre vo\u00fbtes sur crois\u00e9e dogives, supports minces et arcs bris\u00e9s, plus r\u00e9sistants que les arcs en plein cintre. Labb\u00e9 Suger privil\u00e9gie ces moyens novateurs car pour lui l\u00e9glise doit \u00eatre sur terre le reflet de l\u00e9glise c\u00e9leste, demeure du Seigneur. Et cette \u00e9vocation c\u00e9leste ne peut \u00eatre rendue que par la lumi\u00e8re, qui p\u00e9n\u00e8tre abondamment dans les structures minces par linterm\u00e9diaire des vitraux, mode dexpression majeur de la peinture \u00e0 l\u00e9poque gothique. La pr\u00e9f\u00e9rence accord\u00e9e aux nouvelles techniques satisfait \u00e9galement un d\u00e9sir de clarification, comme la montr\u00e9 Erwin Panofsky. On est alors \u00e0 l\u00e2ge de la scolastique et lon aime argumenter, d\u00e9finir, classer. Les proc\u00e9d\u00e9s gothiques de construction permettent de fait de donner une grande lisibilit\u00e9 aux structures, de souligner, par le graphisme des colonnes, des chapiteaux et des moulures, les lignes de force des supports et leurs prolongements sous les vo\u00fbtes dans le jeu des ogives et des doubleaux, la division des trav\u00e9es et la s\u00e9paration stricte des \u00e9tages. Cette m\u00eame clart\u00e9 repara\u00eet dans la r\u00e9partition des sculptures aux portails : statues-colonnes, voussures, trumeau, linteau, tympan. Partie 3 sur 5: Connaitre lhistoire du mouvement gothique  <img decoding=\"async\" src=\"http:\/\/resize.over-blog.com\/300x170-ct.jpg?http:\/\/img.over-blog.com\/3\/35\/92\/22\/04_die_kleinen_gelben_pferde.jpg\" alt=\"a la rencontre du mouvement gothique\" align=\"right\"> Merci, sauf que la je ne suis pas connect\u00e9e parceque sinon, lordi beugue je suis chez ma mamie Rassemblement mondial annuel du mouvement \u00e0 Leipzig. On comprend quil y a l\u00e0 un v\u00e9ritable terrain de recherche. Et la religion, dans tout cela? Le compte rendu de Laura Rolle nous apprend quil y avait des repr\u00e9sentants de plusieurs religions, un village pa\u00efen et des stands proposant de la litt\u00e9rature sataniste, tandis que les goths chr\u00e9tiens \u00e9taient invit\u00e9s \u00e0 assister \u00e0 des cultes dans deux \u00e9glises de la ville. La diversit\u00e9 religieuse existe aussi dans ces milieux. Saint-Remi de Reims illustre particuli\u00e8rement la recherche de lumi\u00e8re, multipliant les fen\u00eatres \u00e0 la fa\u00e7ade et au chevet, creusant les murs de passages et faisant jouer les colonnes pour accentuer la plasticit\u00e9 des formes. Le mur, qui fait alterner p\u00e9nombre et luminosit\u00e9, devient diaphane, selon lexpression de Hans Jantzen. Ce mur model\u00e9 repara\u00eet aux transepts de Noyon et de Soissons, et essaime vers lAngleterre et vers la Bourgogne jusqu\u00e0 Lausanne. Paris <img decoding=\"async\" src=\"http:\/\/blog.artsper.com\/wp-content\/uploads\/2015\/03\/800px-Grant_Wood_-_American_Gothic_-_Google_Art_Project-497x600.jpg\" alt=\"a la rencontre du mouvement gothique\" align=\"center\"> Goodlad, L and Bibby, M, 2007, Goth: Undead Subculture, Introduction, p.2 ISBN 978-1783203529 Comment Dont forget that insults, racism, etc. Are forbidden by Skyrocks General Terms of Use and that you can be identified by your IP address 171.96.157.227 if someone makes a complaint. En effet, leur esprit de r\u00e9bellion et de contradiction a trouv\u00e9 un \u00e9cho aupr\u00e8s de toute une g\u00e9n\u00e9ration de nig\u00e9rians, qui ont tout de suite adopt\u00e9 le genre et en ont fait aujourdhui un v\u00e9ritable mouvement communautaire Allemagne. La c\u00e9ramique \u00e9maill\u00e9e de Lucca della Robbia Je ne pense pas quil soit clairement destin\u00e9 aux adeptes du genre mais que sa vocation est de lever le voile qui repose sur les gothiques, sur ce quil y a sous le maquillage des Gothiques. De toute mani\u00e8re, \u00e9crire un essai sur le mouvement gothique est selon moi un projet ambitieux et par cons\u00e9quent, un projet dangereux. Et, je ne dis pas seulement cela car il sagit du mouvement gothique mais justement parce quil sagit dun mouvement. Quand jai constat\u00e9 l\u00e9paisseur du livre ne vous attendez pas \u00e0 avoir une version du Seigneur des anneaux entre les mains, je me suis imm\u00e9diatement dit que les choses ne seraient pas approfondies et quil y aurait par cons\u00e9quent quelques lacunes. Plus ou moins graves, certes. Mais y nemp\u00eache que je sors de cette lecture en me demandant si elle ma r\u00e9ellement apport\u00e9 et, je ne me consid\u00e8re pas comme \u00e9tant une fervente connaisseuse de ce milieu. De m\u00eame, \u00e0 Fr\u00e9jus-Toulon, Mgr Dominique Rey demande \u00e0 ses pr\u00eatres de c\u00e9l\u00e9brer chez les paroissiens en d\u00e9multipliant les petits offices et de profiter, sans \u00eatre imprudent, des libert\u00e9s suppl\u00e9mentaires. Des v\u00eatements en cuir, avec de la dentelle, du velours, de la soie, m\u00eame du PVC X Source de recherche Goodlad, L and Bibby, M 2007, iGoth: Undead Subculturei, Introduction, p.3 ISBN 978-0822339212. Et d\u00e9sol\u00e9 si jai interpr\u00eat\u00e9 certaines de tes pens\u00e9es \u00e0 la va vite.Un pr\u00eat\u00e9 pour un rendu. Les longues-oreilles les auraient fa\u00e7onn\u00e9s \u00e0 leur image.  M C. Les Rencontres darchitecture europ\u00e9enne nont pas pour but de fabriquer une chapelle de plus. En revanche, elles se veulent, comme leur nom lindique, un lieu dexploration et de confrontation did\u00e9es, de d\u00e9couvertes communes. Pour cela, il faut plusieurs conditions : un cadre privil\u00e9gi\u00e9, de larges temps de discussions entre chaque communication, des moments conviviaux pour les conversations, des visites de monuments pour \u00e9veiller lenthousiasme. Le microclimat du ch\u00e2teau de mai-sons-Laffitte a produit un effet magique sur les deux premi\u00e8res Rencontres. Esp\u00e9rons que cela continuera. Il y aura aussi, et cest le plus important, la publication des actes. Si elle parvient \u00e0 se distinguer par sa qualit\u00e9, par sa vari\u00e9t\u00e9, par sa hauteur de vues, elle a toutes les chances de marquer les esprits et de susciter l\u00e9mulation.<\/p>\n","protected":false},"excerpt":{"rendered":"<p>a la rencontre du mouvement gothique<\/p>\n","protected":false},"author":1,"featured_media":0,"comment_status":"closed","ping_status":"closed","sticky":false,"template":"","format":"standard","meta":{"footnotes":""},"categories":[1],"tags":[],"_links":{"self":[{"href":"https:\/\/dig-stuttgart.de\/info\/wp-json\/wp\/v2\/posts\/6844"}],"collection":[{"href":"https:\/\/dig-stuttgart.de\/info\/wp-json\/wp\/v2\/posts"}],"about":[{"href":"https:\/\/dig-stuttgart.de\/info\/wp-json\/wp\/v2\/types\/post"}],"author":[{"embeddable":true,"href":"https:\/\/dig-stuttgart.de\/info\/wp-json\/wp\/v2\/users\/1"}],"replies":[{"embeddable":true,"href":"https:\/\/dig-stuttgart.de\/info\/wp-json\/wp\/v2\/comments?post=6844"}],"version-history":[{"count":1,"href":"https:\/\/dig-stuttgart.de\/info\/wp-json\/wp\/v2\/posts\/6844\/revisions"}],"predecessor-version":[{"id":6845,"href":"https:\/\/dig-stuttgart.de\/info\/wp-json\/wp\/v2\/posts\/6844\/revisions\/6845"}],"wp:attachment":[{"href":"https:\/\/dig-stuttgart.de\/info\/wp-json\/wp\/v2\/media?parent=6844"}],"wp:term":[{"taxonomy":"category","embeddable":true,"href":"https:\/\/dig-stuttgart.de\/info\/wp-json\/wp\/v2\/categories?post=6844"},{"taxonomy":"post_tag","embeddable":true,"href":"https:\/\/dig-stuttgart.de\/info\/wp-json\/wp\/v2\/tags?post=6844"}],"curies":[{"name":"wp","href":"https:\/\/api.w.org\/{rel}","templated":true}]}}