{"id":6846,"date":"2020-07-06T21:02:08","date_gmt":"2020-07-06T21:02:08","guid":{"rendered":"http:\/\/dig-stuttgart.de\/info\/?p=6846"},"modified":"2020-06-28T05:55:19","modified_gmt":"2020-06-28T05:55:19","slug":"rencontre-barcelone-milan","status":"publish","type":"post","link":"https:\/\/dig-stuttgart.de\/info\/2020\/07\/06\/rencontre-barcelone-milan\/","title":{"rendered":"Rencontre Barcelone Milan"},"content":{"rendered":"<p>FC Barcelone-Milan AC : Le club le plus titr\u00e9 pour d\u00e9buter la comp\u00e9tition \u00e9toil\u00e9e <img decoding=\"async\" src=\"http:\/\/www.footballuser.com\/formations\/2013\/11\/867328_FC_Barcelona.jpg\" alt=\"rencontre barcelone milan\" align=\"right\"> Copyright 2015-2020 Parisfans.fr, 1er site amateur d\u00e9di\u00e9 \u00e0 lactualit\u00e9 du PSG-Tous les droits sont r\u00e9serv\u00e9s. La reproduction de ce site est interdite. <img decoding=\"async\" src=\"http:\/\/cdn.purple.fr\/20388b39b0a5dcadf2637d0376d533de\/static.purple.fr\/2015\/06\/rahlwes22-657x1024.jpg\/400x580c\/rahlwes22-657x1024.jpg\" alt=\"rencontre barcelone milan\" align=\"left\"> \u00e0 33 ans. Double buteur, et extraordinaire au marquage de Ronald KOEMAN Milan AC vs Barcelone : chaine de diffusion du match du 20 f\u00e9vrier en direct? Lhistorique des confrontations entre le Milan AC et le FC Barcelone-Calciomio.fr Sur les tablettes du Real Madrid, Tanguy Kouassi pourrait finalement signer son premier contrat professionnel au PSG. Un accord pourrait \u00eatre trouv\u00e9 dans les prochains jours! Nous essaierons toujours de vous fournir des places par paires. Ces places ensemble peuvent \u00eatre soit c\u00f4te \u00e0 c\u00f4te, en diagonale, lune en dessus de lautre ou enfin avec un autre fan de football entre elles. Nous donnerons toujours la priorit\u00e9 \u00e0 loption la plus logique, celle de billets c\u00f4te \u00e0 c\u00f4te. <img decoding=\"async\" src=\"http:\/\/www.footmercato.net\/images\/a\/les-blaugranas-passent-devant-alisson-lors-de-la-rencontre-entre-le-fc-barcelone-et-l-as-roma-en-c1_223968.jpg\" alt=\"rencontre barcelone milan\" align=\"center\"> Tour dhorizon de la 1\u00e8re journ\u00e9e de la Champions League D\u00e9sormais vous pouvez recevoir lactualit\u00e9 du football en Alg\u00e9rie sur votre boite email. Que Milan \u00e9tait au top \u00e0 ce moment-l\u00e0. Nous n\u00e9tions pas sortis du championnat. Le lien Youtube est pour comprendre ma ref musicale sur Wagu\u00e9. Je peux comprendre que tout le monde naime pas la house portugaise. Comparez les tarifs des billets FC Barcelone pour toutes les rencontres de la saison 2019-2020 et achetez vos places en ligne.  Le choc entre le FC Barcelone et le Real Madrid \u00e9tait dans le viseur des terroristes islamistes. La Guardia Civil espagnole a proc\u00e9d\u00e9 \u00e0 larrestation dun Marocain install\u00e9 \u00e0 Barcelone le 8 mai dernier. Avec laide des renseignements am\u00e9ricains et du FBI, ils ont pu d\u00e9loger ce terroriste potentiel, qui pr\u00e9parait une attaque lors du prochain Clasico espagnol. Ce sont les deux meilleures \u00e9quipes de leur groupe. Elles Valence 7e re\u00e7oit Levante 13e dans le cadre de la 28e journ\u00e9e de Liga ouverte par le succ\u00e8s de S\u00e9ville sur le Betis.   2019 06112018 C1 Inter Milan 1-1 FC Barcelone.<\/p>\n","protected":false},"excerpt":{"rendered":"<p>rencontre barcelone milan<\/p>\n","protected":false},"author":1,"featured_media":0,"comment_status":"closed","ping_status":"closed","sticky":false,"template":"","format":"standard","meta":{"footnotes":""},"categories":[1],"tags":[],"_links":{"self":[{"href":"https:\/\/dig-stuttgart.de\/info\/wp-json\/wp\/v2\/posts\/6846"}],"collection":[{"href":"https:\/\/dig-stuttgart.de\/info\/wp-json\/wp\/v2\/posts"}],"about":[{"href":"https:\/\/dig-stuttgart.de\/info\/wp-json\/wp\/v2\/types\/post"}],"author":[{"embeddable":true,"href":"https:\/\/dig-stuttgart.de\/info\/wp-json\/wp\/v2\/users\/1"}],"replies":[{"embeddable":true,"href":"https:\/\/dig-stuttgart.de\/info\/wp-json\/wp\/v2\/comments?post=6846"}],"version-history":[{"count":1,"href":"https:\/\/dig-stuttgart.de\/info\/wp-json\/wp\/v2\/posts\/6846\/revisions"}],"predecessor-version":[{"id":6847,"href":"https:\/\/dig-stuttgart.de\/info\/wp-json\/wp\/v2\/posts\/6846\/revisions\/6847"}],"wp:attachment":[{"href":"https:\/\/dig-stuttgart.de\/info\/wp-json\/wp\/v2\/media?parent=6846"}],"wp:term":[{"taxonomy":"category","embeddable":true,"href":"https:\/\/dig-stuttgart.de\/info\/wp-json\/wp\/v2\/categories?post=6846"},{"taxonomy":"post_tag","embeddable":true,"href":"https:\/\/dig-stuttgart.de\/info\/wp-json\/wp\/v2\/tags?post=6846"}],"curies":[{"name":"wp","href":"https:\/\/api.w.org\/{rel}","templated":true}]}}