{"id":6850,"date":"2020-07-06T09:32:01","date_gmt":"2020-07-06T09:32:01","guid":{"rendered":"http:\/\/dig-stuttgart.de\/info\/?p=6850"},"modified":"2020-06-28T05:57:14","modified_gmt":"2020-06-28T05:57:14","slug":"rencontre-crest-drome","status":"publish","type":"post","link":"https:\/\/dig-stuttgart.de\/info\/2020\/07\/06\/rencontre-crest-drome\/","title":{"rendered":"Rencontre Crest Drome"},"content":{"rendered":"<p>Pour \u00e9changer des id\u00e9es, pour sortir un peu des quotidiennes. Si vous vous reconnaissez dans cette description jesp\u00e8re vous lire bient\u00f4t. Je souhaite pouvoir rencontrer du monde pour se changer les id\u00e9es, aller se promener, boire un verre, aller au restaurant. 1921-2003, \u00e9crivain fran\u00e7ais, morte \u00e0 Crest o\u00f9 elle r\u00e9sidait. Des passionn\u00e9.e.s ont invent\u00e9 leur m\u00e9tier et contribuent \u00e0 construire un futur plus d\u00e9sirable. Leurs t\u00e9moignages nous montrent que nous pouvons devenir Chorale d\u00c9cologie au Quotidien et Chansons de Hermann Mouafo Josu\u00e9 <img decoding=\"async\" src=\"http:\/\/www.play.bibchic.com\/photos\/00\/0009804-10081476-0.jpg\" alt=\"rencontre crest drome\" align=\"center\"> Connectez-vous pour acc\u00e9der \u00e0 votre compte et retrouver tous vos avantages. Salut, je suis nouveau dans la drome,je bouge facilement avec mon petit camion, et je cherche des rencontres int\u00e9ressantes et peut \u00eatre constructive.. \u00c0 voir autour dune table, dune bonne bi\u00e8re ou dun caf\u00e9, ou en pleine nature, tant que la discution est int\u00e9ressante et que le rire est au rdv.. Troisi\u00e8mes Rencontres de The\u00f3 Quant, Besanc\u0326on, 1997-Google Books Comment \u00eatre responsable de sa sant\u00e9? Soigner ses maladies et nourrir la vie? Quels acc\u00e8s facilit\u00e9s et solidaires aux Les cookies de mesure daudience permettent de constamment am\u00e9liorer votre exp\u00e9rience sur nos sites. En poursuivant votre navigation, vous acceptez lutilisation de cookies afin de r\u00e9aliser des statistiques daudience et de vous proposer des services et offres adapt\u00e9s \u00e0 vos centres dint\u00e9r\u00eat. Communaut\u00e9 de Communes du Val de Dr\u00f4me-Lieu daccueil enfants-parents-Lectures de Paysages-Claude Veyret-journaliste Film La Biovall\u00e9e, un futur durable 33mn de Pierre Gadrey \u00e9touffer linitiative citoyenne? Des femmes et des hommes choisissent dautres modes de vie que ceux quimpose la soci\u00e9t\u00e9 de consommation et de comp\u00e9tition.  <img decoding=\"async\" src=\"http:\/\/img.over-blog.com\/640x453\/4\/43\/99\/81\/Montmeyran-du-4.05.13-au\/13.05.JPG\" alt=\"rencontre crest drome\" align=\"right\">  Depuis le 18 mars 2020, linstauration de l\u00e9tat durgence sanitaire pour lutter contre l\u00e9pid\u00e9mie de COVID19 sest illustr\u00e9 par la suspension de toute visite et par la mise en place de mesures de confinement drastiques au sein des EHPAD afin de garantir la protection des populations les plus fragiles. Si lutilisation de supports techniques modernes permet de recr\u00e9er une communication entre vous et votre parent h\u00e9berg\u00e9 au sein de IEHPAD de Crest, le besoin de voir votre proche demeure une r\u00e9alit\u00e9. Voies de communication et transports R\u00e9seau ferroviaire Bonjour, nyonsaise depuis peu, je cherche de nouvelles connaissances pour mevader de mon quotidien. \u00c0 bient\u00f4t! Int\u00e9r\u00eats communs : Cuisine, Restaurant, Artisanat, Films Vid\u00e9os, Arts et mus\u00e9es, Musique et concerts, Brocante Antiquit\u00e9s, sur le site de la mairie de Crest consult\u00e9 le 6 ao\u00fbt 2012. Nous avons bien re\u00e7u les photos de notre shooting avec Alix. Elles sont vraiment magnifiques, tr\u00e8s beaux travail! <img decoding=\"async\" src=\"http:\/\/astidrome-ardeche.blogspirit.com\/media\/00\/02\/3866239315.jpg\" alt=\"rencontre crest drome\" align=\"center\"> D\u00e9couverte du village perch\u00e9 de Mirabel, permettant de d\u00e9couvrir la colline du Charsac et le Col de lArmurier. Un peu seule, trois enfants \u00e0 charge, mari\u00e9e sans l\u00eatre, vie sociale pas tr\u00e8s  \u00eatre renforc\u00e9e? Quels en seraient les b\u00e9n\u00e9fices? La situation peut-elle \u00e9voluer..<\/p>\n","protected":false},"excerpt":{"rendered":"<p>rencontre crest drome<\/p>\n","protected":false},"author":1,"featured_media":0,"comment_status":"closed","ping_status":"closed","sticky":false,"template":"","format":"standard","meta":{"footnotes":""},"categories":[1],"tags":[],"_links":{"self":[{"href":"https:\/\/dig-stuttgart.de\/info\/wp-json\/wp\/v2\/posts\/6850"}],"collection":[{"href":"https:\/\/dig-stuttgart.de\/info\/wp-json\/wp\/v2\/posts"}],"about":[{"href":"https:\/\/dig-stuttgart.de\/info\/wp-json\/wp\/v2\/types\/post"}],"author":[{"embeddable":true,"href":"https:\/\/dig-stuttgart.de\/info\/wp-json\/wp\/v2\/users\/1"}],"replies":[{"embeddable":true,"href":"https:\/\/dig-stuttgart.de\/info\/wp-json\/wp\/v2\/comments?post=6850"}],"version-history":[{"count":1,"href":"https:\/\/dig-stuttgart.de\/info\/wp-json\/wp\/v2\/posts\/6850\/revisions"}],"predecessor-version":[{"id":6851,"href":"https:\/\/dig-stuttgart.de\/info\/wp-json\/wp\/v2\/posts\/6850\/revisions\/6851"}],"wp:attachment":[{"href":"https:\/\/dig-stuttgart.de\/info\/wp-json\/wp\/v2\/media?parent=6850"}],"wp:term":[{"taxonomy":"category","embeddable":true,"href":"https:\/\/dig-stuttgart.de\/info\/wp-json\/wp\/v2\/categories?post=6850"},{"taxonomy":"post_tag","embeddable":true,"href":"https:\/\/dig-stuttgart.de\/info\/wp-json\/wp\/v2\/tags?post=6850"}],"curies":[{"name":"wp","href":"https:\/\/api.w.org\/{rel}","templated":true}]}}